{"id":34472,"date":"2019-06-27T23:53:56","date_gmt":"2019-06-27T21:53:56","guid":{"rendered":"https:\/\/www.messinaoggi.it\/website\/?p=34472"},"modified":"2019-06-27T23:53:56","modified_gmt":"2019-06-27T21:53:56","slug":"scossa-di-terremoto-fra-messina-e-le-eolie","status":"publish","type":"post","link":"https:\/\/www.messinaoggi.it\/website\/2019\/06\/27\/scossa-di-terremoto-fra-messina-e-le-eolie\/","title":{"rendered":"Scossa di terremoto fra Messina e le Eolie"},"content":{"rendered":"<p>Un terremoto di magnitudo 3.6 \u00e8 stato registrato in serata sulla costa siciliana nord orientale tra <strong><span style=\"color: #dc143c;\">MESSINA<\/span><\/strong> e le Isole Eolie.<br \/>\nIl sisma \u00e8 stato localizzato dall&#8217;Ingv ad una profondit\u00e0 di 16 km e a una distanza di 20 chilometri da Capo d&#8217;Orlando.<div id=\"div-gpt-ad-Messinaoggi.it-DSK-300x250-corpoart\" style=\"text-align:center;margin:0 auto;\"><\/div><\/p>\n<div id=\"videoincontent\" style=\"clear:both\";><\/div>","protected":false},"excerpt":{"rendered":"<p>Un terremoto di magnitudo 3.6 \u00e8 stato registrato in serata sulla costa siciliana nord orientale tra MESSINA e le Isole Eolie. Il sisma \u00e8 stato localizzato dall&#8217;Ingv ad una profondit\u00e0 di 16 km e a una distanza di 20 chilometri da Capo d&#8217;Orlando.<\/p>\n","protected":false},"author":2,"featured_media":13610,"comment_status":"closed","ping_status":"open","sticky":false,"template":"","format":"standard","meta":{"ub_ctt_via":"","_mi_skip_tracking":false},"categories":[6],"tags":[],"featured_image_src":"https:\/\/www.messinaoggi.it\/website\/wp-content\/uploads\/2017\/12\/istituto-nazionale-geofisica-e-vulcanologia-terremoto.jpg","author_info":{"display_name":"Redazione","author_link":"https:\/\/www.messinaoggi.it\/website\/author\/redazione\/"},"digistream_id":0,"digistream":false,"_links":{"self":[{"href":"https:\/\/www.messinaoggi.it\/website\/wp-json\/wp\/v2\/posts\/34472"}],"collection":[{"href":"https:\/\/www.messinaoggi.it\/website\/wp-json\/wp\/v2\/posts"}],"about":[{"href":"https:\/\/www.messinaoggi.it\/website\/wp-json\/wp\/v2\/types\/post"}],"author":[{"embeddable":true,"href":"https:\/\/www.messinaoggi.it\/website\/wp-json\/wp\/v2\/users\/2"}],"replies":[{"embeddable":true,"href":"https:\/\/www.messinaoggi.it\/website\/wp-json\/wp\/v2\/comments?post=34472"}],"version-history":[{"count":0,"href":"https:\/\/www.messinaoggi.it\/website\/wp-json\/wp\/v2\/posts\/34472\/revisions"}],"wp:featuredmedia":[{"embeddable":true,"href":"https:\/\/www.messinaoggi.it\/website\/wp-json\/wp\/v2\/media\/13610"}],"wp:attachment":[{"href":"https:\/\/www.messinaoggi.it\/website\/wp-json\/wp\/v2\/media?parent=34472"}],"wp:term":[{"taxonomy":"category","embeddable":true,"href":"https:\/\/www.messinaoggi.it\/website\/wp-json\/wp\/v2\/categories?post=34472"},{"taxonomy":"post_tag","embeddable":true,"href":"https:\/\/www.messinaoggi.it\/website\/wp-json\/wp\/v2\/tags?post=34472"}],"curies":[{"name":"wp","href":"https:\/\/api.w.org\/{rel}","templated":true}]}}