{"id":34458,"date":"2019-06-27T11:35:06","date_gmt":"2019-06-27T09:35:06","guid":{"rendered":"https:\/\/www.messinaoggi.it\/website\/?p=34458"},"modified":"2019-06-27T11:35:06","modified_gmt":"2019-06-27T09:35:06","slug":"delocalizzazione-lidi-gioveni-sfruttare-anche-il-tratto-mortelle-sparta","status":"publish","type":"post","link":"https:\/\/www.messinaoggi.it\/website\/2019\/06\/27\/delocalizzazione-lidi-gioveni-sfruttare-anche-il-tratto-mortelle-sparta\/","title":{"rendered":"Delocalizzazione lidi, Gioveni: &quot;Sfruttare anche il tratto Mortelle-Spart\u00e0&quot;"},"content":{"rendered":"<p>Durante un dibattito che si \u00e8 tenuto in Commissione sulle nuove regole da applicare agli stabilimenti balneari per ridurre i disagi ai residenti della riviera nord sia sotto il profilo della vivibilit\u00e0 che sotto quello della viabilit\u00e0 e della sicurezza, il consigliere comunale Libero Gioveni ha proposto all\u2019assessore al ramo Dafne Musolino di tener conto anche dell\u2019estrema riviera nord (il tratto compreso tra Mortelle e Spart\u00e0 per intenderci) nel procedere con la delocalizzazione dei lidi.<br \/>\n\u201c<em>Noi abbiamo il dovere di tutelare sia i gestori e gli imprenditori che hanno investito per la stagione estiva, sia i residenti che hanno tutto il diritto di vivere dignitosamente e in sicurezza,<\/em> &#8211; evidenzia Gioveni &#8211; <em>ed \u00e8 proprio per questo che le vaste aree di Tono, Casabianca, Timpazzi ecc., che si prestano meglio sia logisticamente sia perch\u00e9 distanti dalle abitazioni, potrebbero servire alla causa accontentando tutti.<\/em><br \/>\n\u201c<em>Naturalmente l&#8217;una soluzione non dovr\u00e0 necessariamente escludere <\/em>l&#8217;altra &#8211; precisa l&#8217;esponente del Pd &#8211; <em>per\u00f2 \u00e8 di tutta evidenza che delocalizzando meglio nel territorio i lidi spalmandoli su pi\u00f9 chilometri di costa, va da s\u00e9 che l&#8217;attuale fitta concentrazione degli stabilimenti verrebbe ridotta ai minimi termini. \u00c8 altres\u00ec evidente tuttavia<\/em> &#8211; conclude Gioveni &#8211; <em>che per attuare una simile programmazione occorrer\u00e0 contrastare e reprimere, in sinergia con tutti i soggetti competenti sul territorio, l&#8217;abusivismo che in questa bellissima porzione della nostra costa si \u00e8 perpetrato per decenni e che spesso ha creato delle vere e proprie barriere impedendo l&#8217;accesso al mare<\/em>\u201d.<div id=\"div-gpt-ad-Messinaoggi.it-DSK-300x250-corpoart\" style=\"text-align:center;margin:0 auto;\"><\/div><\/p>\n<div id=\"videoincontent\" style=\"clear:both\";><\/div>","protected":false},"excerpt":{"rendered":"<p>Durante un dibattito che si \u00e8 tenuto in Commissione sulle nuove regole da applicare agli stabilimenti balneari per ridurre i disagi ai residenti della riviera nord sia sotto il profilo della vivibilit\u00e0 che sotto quello della viabilit\u00e0 e della sicurezza, il consigliere comunale Libero Gioveni ha proposto all\u2019assessore al ramo Dafne Musolino di tener conto [&hellip;]<\/p>\n","protected":false},"author":8,"featured_media":34086,"comment_status":"closed","ping_status":"open","sticky":false,"template":"","format":"standard","meta":{"ub_ctt_via":"","_mi_skip_tracking":false},"categories":[6],"tags":[],"featured_image_src":"https:\/\/www.messinaoggi.it\/website\/wp-content\/uploads\/2019\/06\/divertimento-678x381-1.jpg","author_info":{"display_name":"red..me","author_link":"https:\/\/www.messinaoggi.it\/website\/author\/redstage\/"},"digistream_id":0,"digistream":false,"_links":{"self":[{"href":"https:\/\/www.messinaoggi.it\/website\/wp-json\/wp\/v2\/posts\/34458"}],"collection":[{"href":"https:\/\/www.messinaoggi.it\/website\/wp-json\/wp\/v2\/posts"}],"about":[{"href":"https:\/\/www.messinaoggi.it\/website\/wp-json\/wp\/v2\/types\/post"}],"author":[{"embeddable":true,"href":"https:\/\/www.messinaoggi.it\/website\/wp-json\/wp\/v2\/users\/8"}],"replies":[{"embeddable":true,"href":"https:\/\/www.messinaoggi.it\/website\/wp-json\/wp\/v2\/comments?post=34458"}],"version-history":[{"count":0,"href":"https:\/\/www.messinaoggi.it\/website\/wp-json\/wp\/v2\/posts\/34458\/revisions"}],"wp:featuredmedia":[{"embeddable":true,"href":"https:\/\/www.messinaoggi.it\/website\/wp-json\/wp\/v2\/media\/34086"}],"wp:attachment":[{"href":"https:\/\/www.messinaoggi.it\/website\/wp-json\/wp\/v2\/media?parent=34458"}],"wp:term":[{"taxonomy":"category","embeddable":true,"href":"https:\/\/www.messinaoggi.it\/website\/wp-json\/wp\/v2\/categories?post=34458"},{"taxonomy":"post_tag","embeddable":true,"href":"https:\/\/www.messinaoggi.it\/website\/wp-json\/wp\/v2\/tags?post=34458"}],"curies":[{"name":"wp","href":"https:\/\/api.w.org\/{rel}","templated":true}]}}