{"id":34448,"date":"2019-06-27T10:02:12","date_gmt":"2019-06-27T08:02:12","guid":{"rendered":"https:\/\/www.messinaoggi.it\/website\/?p=34448"},"modified":"2019-06-27T10:02:12","modified_gmt":"2019-06-27T08:02:12","slug":"ex-province-in-commissione-affari-istituzionali-emendanto-disegno-di-legge","status":"publish","type":"post","link":"https:\/\/www.messinaoggi.it\/website\/2019\/06\/27\/ex-province-in-commissione-affari-istituzionali-emendanto-disegno-di-legge\/","title":{"rendered":"Ex Province, in Commissione Affari istituzionali emendanto disegno di legge"},"content":{"rendered":"<p class=\"p1\"><span class=\"s1\">In Commissione Affari istituzionali \u00e8 stato emendato il disegno di legge che disciplina le elezioni degli Enti di area vasta e che fissa la data dell\u2019elezione del Presidente e del Consiglio delle ex Province. In particolare, con l\u2019emendamento approvato, l\u2019elezione del Presidente e del Consiglio dei Liberi Consorzi e Citt\u00e0 Metropolitane \u00e8 fissata in una domenica compresa tra il 27 ottobre e il 24 novembre di quest\u2019anno. Si ricorda che, con il DDL n 576 presentato dal Presidente della Regione su proposta dell\u2019Assessore Regionale per le Autonomie Locali, Bernardette Grasso, il Presidente e il Consiglio dei Liberi Consorzi e Citt\u00e0 Metropolitane saranno eletti dai Sindaci e dai Consiglieri Comunali in carica nei comuni appartenenti alle rispettive aree vaste.<\/span><div id=\"div-gpt-ad-Messinaoggi.it-DSK-300x250-corpoart\" style=\"text-align:center;margin:0 auto;\"><\/div><\/p>\n<p class=\"p1\"><span class=\"s1\">\u201cLa norma rappresenta una riconquista, anche se parziale, della partecipazione democratica dei cittadini alla scelta, pur se indiretta, dei propri rappresentanti negli Enti intermedi. Non poteva condividersi il posticipo di un anno delle elezioni, come pi\u00f9 volte ribadito dall\u2019attento Presidente Musumeci, che avrebbe consentito una ulteriore permanenza dei commissari, senza alcuna possibilit\u00e0 di coinvolgimento delle comunit\u00e0 locali nella gestione degli enti di area vasta&#8221;. A riferirlo \u00e8 il Presidente della Commissione Affari Istituzionali, on. Stefano Pellegrino, del Gruppo Parlamentare di Forza Italia all&#8217;ARS.<\/span><div id=\"videoincontent\" style=\"clear:both\";><\/div><\/p>\n<p class=\"p1\"><span class=\"s1\">&#8220;L\u2019aspettativa &#8211; conclude \u00a0il Presidente della I Commissione &#8211; \u00e8 comunque quella di tornare all\u2019elezione diretta del Presidente e del Consiglio delle ex Province, essendo questo, un diritto che i cittadini, a ben ragione, rivendicano. Adesso all\u2019Aula l\u2019ultima parola&#8221;.<\/span><\/p>\n","protected":false},"excerpt":{"rendered":"<p>In Commissione Affari istituzionali \u00e8 stato emendato il disegno di legge che disciplina le elezioni degli Enti di area vasta e che fissa la data dell\u2019elezione del Presidente e del Consiglio delle ex Province. In particolare, con l\u2019emendamento approvato, l\u2019elezione del Presidente e del Consiglio dei Liberi Consorzi e Citt\u00e0 Metropolitane \u00e8 fissata in una [&hellip;]<\/p>\n","protected":false},"author":2,"featured_media":27200,"comment_status":"closed","ping_status":"open","sticky":false,"template":"","format":"standard","meta":{"ub_ctt_via":"","_mi_skip_tracking":false},"categories":[11],"tags":[],"featured_image_src":"https:\/\/www.messinaoggi.it\/website\/wp-content\/uploads\/2018\/11\/palazzodeileoni-provincia-regionale-di-messina.jpg","author_info":{"display_name":"Redazione","author_link":"https:\/\/www.messinaoggi.it\/website\/author\/redazione\/"},"digistream_id":0,"digistream":false,"_links":{"self":[{"href":"https:\/\/www.messinaoggi.it\/website\/wp-json\/wp\/v2\/posts\/34448"}],"collection":[{"href":"https:\/\/www.messinaoggi.it\/website\/wp-json\/wp\/v2\/posts"}],"about":[{"href":"https:\/\/www.messinaoggi.it\/website\/wp-json\/wp\/v2\/types\/post"}],"author":[{"embeddable":true,"href":"https:\/\/www.messinaoggi.it\/website\/wp-json\/wp\/v2\/users\/2"}],"replies":[{"embeddable":true,"href":"https:\/\/www.messinaoggi.it\/website\/wp-json\/wp\/v2\/comments?post=34448"}],"version-history":[{"count":0,"href":"https:\/\/www.messinaoggi.it\/website\/wp-json\/wp\/v2\/posts\/34448\/revisions"}],"wp:featuredmedia":[{"embeddable":true,"href":"https:\/\/www.messinaoggi.it\/website\/wp-json\/wp\/v2\/media\/27200"}],"wp:attachment":[{"href":"https:\/\/www.messinaoggi.it\/website\/wp-json\/wp\/v2\/media?parent=34448"}],"wp:term":[{"taxonomy":"category","embeddable":true,"href":"https:\/\/www.messinaoggi.it\/website\/wp-json\/wp\/v2\/categories?post=34448"},{"taxonomy":"post_tag","embeddable":true,"href":"https:\/\/www.messinaoggi.it\/website\/wp-json\/wp\/v2\/tags?post=34448"}],"curies":[{"name":"wp","href":"https:\/\/api.w.org\/{rel}","templated":true}]}}