{"id":3436,"date":"2017-06-24T16:14:08","date_gmt":"2017-06-24T14:14:08","guid":{"rendered":"http:\/\/www.messinaoggi.it\/website\/?p=3436"},"modified":"2017-06-24T16:14:08","modified_gmt":"2017-06-24T14:14:08","slug":"rete-ospedaliera-lasciamo-difese-di-primari-o-capo-infermieri-a-politica-900","status":"publish","type":"post","link":"https:\/\/www.messinaoggi.it\/website\/2017\/06\/24\/rete-ospedaliera-lasciamo-difese-di-primari-o-capo-infermieri-a-politica-900\/","title":{"rendered":"Rete ospedaliera, \u201cLasciamo difese di primari o capo infermieri a politica \u2019900\u201d"},"content":{"rendered":"<p style=\"text-align: justify\">\u201cPer gli avventurieri, per i rappresentanti della vecchia politica e per i tromboni che ancora suonano gli spartiti del secolo scorso questa settimana rilevante per la sanit\u00e0 siciliana \u00e8 inconcepibile. Sono state messe in moto tutte quelle procedure che consentiranno alla nostra Regione di entrare di diritto nel &#8220;terzo millennio della salute&#8221;. <strong>A riferirlo \u00e8 il Capogruppo di Sicilia Futura all\u2019Ars, Beppe Picciolo<\/strong>.<div id=\"div-gpt-ad-Messinaoggi.it-DSK-300x250-corpoart\" style=\"text-align:center;margin:0 auto;\"><\/div><\/p>\n<p style=\"text-align: justify\">\u201cPer loro \u00e8 un cambiamento epocale impossibile da comprendere &#8211; continua il deputato -: niente pi\u00f9 privilegi, niente riserve indiane da tutelare solo il cittadino con i suoi sacrosanti diritti al quale offrire una sanit\u00e0 efficiente e soprattutto di qualit\u00e0. <strong>Ribadisco, quindi, l&#8217;importanza di aver portato avanti assieme all&#8217;assessore Gucciardi ed al presidente Digiacomo (ed a pochi altri&#8230;) l&#8217;approvazione di una rete ospedaliera di grande qualit\u00e0 e di sostanza, che certamente non \u00e8 ancora perfetta, anzi&#8230;<\/strong> , ma che insieme agli attori principali stiamo cercando di modellare e migliorare rispondendo, per quanto \u00e8 possibile con le risorse a disposizione, alle reali esigenze dei territori correggendo gli errori programmatici e cercando faticosamente, molto faticosamente, di far sedere tutti gli attori principali attorno ad un tavolo tecnico comune per fare sintesi\u201d.<div id=\"videoincontent\" style=\"clear:both\";><\/div><\/p>\n<p style=\"text-align: justify\">\u201c<strong>Non ci dovranno essere n\u00e9 vincitori n\u00e9 vinti \u2013 chiarisce -. Bisogner\u00e0 evitare esuberi e penalizzazioni di strutture efficienti e produttive, avendo per\u00f2 sempre coscienza del punto di partenza iniziale: 200 milioni di euro di mobilit\u00e0 passiva verso il centro nord (i famosi viaggi della speranza)<\/strong>. Non credo che i siciliani ed i nostri concittadini fossero particolarmente orgogliosi del Sistema Sanitario Regionale, se anche per banali interventi di ortopedia o ernia dovevano fare la valigia? Quindi se in una struttura ci sono, numeri alla mano, dei reparti improduttivi e non attrattivi, se Balduzzi li chiuder\u00e0 in futuro nessuno si strapper\u00e0 le vesti! N\u00e9 i cittadini utenti, n\u00e9 la politica, n\u00e9 i sindacati. Se vogliamo cambiare e salvare il sistema abbiamo il dovere di affondare il bisturi separando le parti sane da quelle malate. Nessuno verr\u00e0 mai messo alla porta ma solo invitato a fare il proprio dovere ed a documentare il proprio operato con i dati clinici e di produttivit\u00e0\u201d.<\/p>\n<p style=\"text-align: justify\">\u201cLasciamo dunque le difese del singolo primario o del capo infermiere alla politica del &#8216;900 \u2013 sentenzia Picciolo &#8211; e pensiamo con la responsabilit\u00e0 e la diligenza del buon padre di famiglia al meglio che possiamo offrire alle nostre comunit\u00e0. Questo \u00e8 quanto abbiamo cercato di fare approvando un testo che, con le correzioni minime, richieste quasi alla unanimit\u00e0 ed accordabili dal Governo, ci consente di stare al passo con i tempi; di tutto il resto (dalle assemblee multicolori, ai discorsi da bar portati avanti da coloro che hanno politicamente lucrato sulle larghe tasche di Pantalone) non vogliamo occuparcene ed orgogliosamente affermiamo che saranno i cittadini a scegliere e valutare il nostro operato\u201d.<\/p>\n<p style=\"text-align: justify\">\u201cLe elezioni sono ormai alle porte e gli impostori saranno messi alla prova! Non basta alzarsi la mattina, dopo anni di complice silenzio, ed inventarsi un nemico od un tema fasullo per avere uno spazietto sull&#8217; Eco di Paperopoli e potersi ricostruire una verginit\u00e0 politica! La gente ci giudica e ci giudicher\u00e0 per i fatti, non per le chiacchiere o per le analisi dietrologiche. Ed il giudizio arriver\u00e0, a breve, inesorabilmente e sar\u00e0 pi\u00f9 forte di qualsiasi menzogna comunicativa\u201d.<\/p>\n<p style=\"text-align: justify\">\u201cUn pensiero infine a coloro che avrebbero voluto bloccare tutto dicendo no a prescindere (la coperta di cui disponiamo sempre quella \u00e8&#8230;): avete fatto male i conti e di molto (vedi intervento del Presidente Pippo Digiacomo nella riunione della Commissione Sanit\u00e0 del lo scorsi marted\u00ec 20 giugno) perch\u00e9 ratificare la Rete oggi (intendo nella finestra ministeriale di luglio e non di marzo per come \u00e8 invece avvenuto) con le stesse modifiche che si stanno facendo concordemente e soprattutto con il vincolo economico imposto dal MEF, avrebbe significato ingessare e distruggere definitivamente il SSR per i prossimi anni chiudendo i reparti e mettendo davvero a rischio la salute dei cittadini e la professionalit\u00e0 dei lavoratori.\u00a0 Sono di fatto trascorsi tre mesi dalla approvazione della Rete e soltanto da una settimana i manager sono in grado di definire le nuove dotazioni organiche&#8230; provvisorie. Il che significa che ritardando l&#8217;approvazione della Rete saremmo arrivati a Novembre e ci saremmo trovati nella paralisi pi\u00f9 completa\u201d.<\/p>\n<p style=\"text-align: justify\">\u201c<strong>Siamo quindi orgogliosi di avere contribuito a sbloccare un sistema che adesso richiede il contributo di tutti i professionisti e gli operatori del settore e d\u00e0 speranza a tanti giovani<\/strong>, divenuti ormai vecchi da precari e contrattasti in attesa di una stabilizzazione, di trovare la loro definitiva realizzazione al riparo delle chiacchiere inutili\u00a0 o delle sirene di turno (tutte graduatorie in essere da anni e concorsi gi\u00e0 vinti da anni per essere estremamente chiari!). Il tempo \u00e8 galantuomo e si vedranno, molto a breve, od i risultati o le menzogne. Di lavoro c&#8217;\u00e8 n\u00e9 troppo per avere anche il tempo e la voglia di litigare tra di noi in pubblico\u201d.<\/p>\n","protected":false},"excerpt":{"rendered":"<p>\u201cPer gli avventurieri, per i rappresentanti della vecchia politica e per i tromboni che ancora suonano gli spartiti del secolo scorso questa settimana rilevante per la sanit\u00e0 siciliana \u00e8 inconcepibile. Sono state messe in moto tutte quelle procedure che consentiranno alla nostra Regione di entrare di diritto nel &#8220;terzo millennio della salute&#8221;. A riferirlo \u00e8 [&hellip;]<\/p>\n","protected":false},"author":7,"featured_media":3437,"comment_status":"closed","ping_status":"open","sticky":false,"template":"","format":"standard","meta":{"ub_ctt_via":"","_mi_skip_tracking":false},"categories":[4],"tags":[],"featured_image_src":"https:\/\/www.messinaoggi.it\/website\/wp-content\/uploads\/2017\/06\/infermieri-con-mano-paziente-2.jpg","author_info":{"display_name":"Redazione1","author_link":"https:\/\/www.messinaoggi.it\/website\/author\/redazione1\/"},"digistream_id":0,"digistream":false,"_links":{"self":[{"href":"https:\/\/www.messinaoggi.it\/website\/wp-json\/wp\/v2\/posts\/3436"}],"collection":[{"href":"https:\/\/www.messinaoggi.it\/website\/wp-json\/wp\/v2\/posts"}],"about":[{"href":"https:\/\/www.messinaoggi.it\/website\/wp-json\/wp\/v2\/types\/post"}],"author":[{"embeddable":true,"href":"https:\/\/www.messinaoggi.it\/website\/wp-json\/wp\/v2\/users\/7"}],"replies":[{"embeddable":true,"href":"https:\/\/www.messinaoggi.it\/website\/wp-json\/wp\/v2\/comments?post=3436"}],"version-history":[{"count":0,"href":"https:\/\/www.messinaoggi.it\/website\/wp-json\/wp\/v2\/posts\/3436\/revisions"}],"wp:featuredmedia":[{"embeddable":true,"href":"https:\/\/www.messinaoggi.it\/website\/wp-json\/wp\/v2\/media\/3437"}],"wp:attachment":[{"href":"https:\/\/www.messinaoggi.it\/website\/wp-json\/wp\/v2\/media?parent=3436"}],"wp:term":[{"taxonomy":"category","embeddable":true,"href":"https:\/\/www.messinaoggi.it\/website\/wp-json\/wp\/v2\/categories?post=3436"},{"taxonomy":"post_tag","embeddable":true,"href":"https:\/\/www.messinaoggi.it\/website\/wp-json\/wp\/v2\/tags?post=3436"}],"curies":[{"name":"wp","href":"https:\/\/api.w.org\/{rel}","templated":true}]}}