{"id":34279,"date":"2019-06-23T09:20:55","date_gmt":"2019-06-23T07:20:55","guid":{"rendered":"https:\/\/www.messinaoggi.it\/website\/?p=34279"},"modified":"2019-06-23T09:20:55","modified_gmt":"2019-06-23T07:20:55","slug":"miti-poeti-pittori-e-santi-nella-valle-dagro-la-nuova-luce-e-le-sfide-di-archeoclub","status":"publish","type":"post","link":"https:\/\/www.messinaoggi.it\/website\/2019\/06\/23\/miti-poeti-pittori-e-santi-nella-valle-dagro-la-nuova-luce-e-le-sfide-di-archeoclub\/","title":{"rendered":"Miti, poeti, pittori e Santi nella Valle d\u2019Agr\u00f2, la nuova luce e le sfide di Archeoclub"},"content":{"rendered":"<p class=\"western\" align=\"justify\"><span style=\"font-family: Times New Roman, serif;\"><span style=\"font-size: small;\"><span style=\"font-family: Tahoma, serif;\"><span style=\"font-size: medium;\">Per ricordare l\u2019ex assessore regionale ai Beni culturali Sebastiano Tusa, non il classico minuto di silenzio, ma piuttosto un minuto di\u2026 parola, la sua, quella tratta da un\u2019intervista in cui l\u2019archeologo siciliano chiude con l\u2019affermazione che deve costituire il motto di ogni operatore culturale: \u201cil dovere di divulgazione \u00e8 la mia stella polare\u201d. E\u2019 iniziata con questa originale \u201ccommemorazione\u201d la V edizione di \u201cMiti, poeti, pittori e Santi nella Valle d\u2019Agr\u00f2 \u2013 la riscoperta del genius loci\u201d, l\u2019evento che da cinque anni caratterizza il solstizio d\u2019estate presso la basilica dei SS. Pietro e Paolo di Casalvecchio Siculo.<\/span><\/span><\/span><\/span><div id=\"div-gpt-ad-Messinaoggi.it-DSK-300x250-corpoart\" style=\"text-align:center;margin:0 auto;\"><\/div><\/p>\n<p class=\"western\" align=\"justify\"><span style=\"font-family: Times New Roman, serif;\"><span style=\"font-size: small;\"><span style=\"font-family: Tahoma, serif;\"><span style=\"font-size: medium;\">Un momento di consuntivo e proposta che finora ha portato fortuna \u201cperch\u00e9 le idee fermentate in questo giorno si sono sempre avverate\u201d, come ha detto l\u2019arch. Ketty Tam\u00e0, ideatrice e coordinatrice del progetto e che ha moderato il convegno insieme all\u2019avv. Filippo Brianni, presidente di Archeoclub Area Ionica Messina, che ha organizzato l\u2019evento col patrocinio del Polo Museale di Messina, dell\u2019ordine degli architetti di Messina (intervenuta col presidente, arch. Caterina Sartori) e del collegio geometri di Messina, oltre alla collaborazione dei Lions Letojanni Valle d\u2019Agr\u00f2 (col saluto di Marina Scimone, che assumer\u00e0 la presidenza mercoled\u00ec), del comune (assessore alla cultura, prof. Marcella Russo) e della parrocchia casalvetina (don Alessandro Malaponte) e di Naxoslegge, guidata da Fulvia Toscano, che \u00e8 anche presidente di Archeoclub Taormina Naxos.<\/span><\/span><\/span><\/span><div id=\"videoincontent\" style=\"clear:both\";><\/div><\/p>\n<p class=\"western\" align=\"justify\"><strong><span style=\"font-family: Times New Roman, serif;\"><span style=\"font-size: small;\"><span style=\"font-family: Tahoma, serif;\"><span style=\"font-size: medium;\">RISTAMPATO UN VANGELO MEDIEVALE <\/span><\/span><\/span><\/span><\/strong><\/p>\n<p class=\"western\" align=\"justify\"><span style=\"font-family: Times New Roman, serif;\"><span style=\"font-size: small;\"><span style=\"font-family: Tahoma, serif;\"><span style=\"font-size: medium;\">Il convegno si \u00e8 aperto con una sorpresa: la consegna all\u2019altare della Basilica di un vangelo medievale scritto nella basilica ed ora ristampato in formato cartaceo, dopo esser stato riportato in formato digitale in Basilica dell\u2019Escorial dove si trovano gli originali.<\/span><\/span><\/span><\/span><\/p>\n<p class=\"western\" align=\"justify\"><span style=\"font-family: Times New Roman, serif;\"><span style=\"font-size: small;\"><span style=\"font-family: Tahoma, serif;\"><span style=\"font-size: medium;\">Le informazioni sul Vangelo e sull\u2019impatto della cultura greca sull\u2019abbazia sono state fornite da Ketty Tam\u00e0, anche per conto di don Alessio Mandanikiotis, con interessanti e suggestivi collegamenti tra luce \u201cfisica\u201d \u2013 quella utilizzata dai monaci-architetti per orientare la Basilica \u2013 e quella spirituale, in grado di custodire il genius loci.<\/span><\/span><\/span><\/span><\/p>\n<p class=\"western\" align=\"justify\"><strong><span style=\"font-family: Times New Roman, serif;\"><span style=\"font-size: small;\"><span style=\"font-family: Tahoma, serif;\"><span style=\"font-size: medium;\">IN AUTUNNO RICOGNIZIONE ARCHEOLOGICA DA SCIFI\u2019 <\/span><\/span><\/span><\/span><\/strong><\/p>\n<p class=\"western\" align=\"justify\"><span style=\"font-family: Times New Roman, serif;\"><span style=\"font-size: small;\"><span style=\"font-family: Tahoma, serif;\"><span style=\"font-size: medium;\">E il Vangelo non \u00e8 stata l\u2019unica novit\u00e0 per il territorio. La seconda \u00e8 giunta dalla relazione dalla professoressa Grazia Spagnolo e della dottoressa Antonella Santostefano, le quali hanno, tra l\u2019altro, annunciato un progetto di ricognizione archeologica che nei prossimi mesi l\u2019Universit\u00e0 di Messina condurr\u00e0 sul territorio, partendo dal sito archeologico di Scif\u00ec ed espandendosi poi per le tracce archeologiche presenti, in particolare la viabilit\u00e0 romana da Casalvecchio Siculo a Forza d\u2019Agr\u00f2 e Gallodoro. La prof.ssa Spagnolo, tra l\u2019altro, ha gi\u00e0 operato sul sito di Scif\u00ec con una compagna di scavi nell\u2019ormai troppo lontano 2002.<\/span><\/span><\/span><\/span><\/p>\n<p class=\"western\" align=\"justify\"><span style=\"font-family: Times New Roman, serif;\"><span style=\"font-size: small;\"><span style=\"font-family: Tahoma, serif;\"><span style=\"font-size: medium;\">La ricognizione avverr\u00e0 con metodi tradizionali e tecnologici, compreso l\u2019uso del geoscanner.<\/span><\/span><\/span><\/span><\/p>\n<p class=\"western\" align=\"justify\"><strong><span style=\"font-family: Times New Roman, serif;\"><span style=\"font-size: small;\"><span style=\"font-family: Tahoma, serif;\"><span style=\"font-size: medium;\">IL RELITTO DI CAPO S. ALESSIO<\/span><\/span><\/span><\/span><\/strong><\/p>\n<p class=\"western\" align=\"justify\"><span style=\"font-family: Times New Roman, serif;\"><span style=\"font-size: small;\"><span style=\"font-family: Tahoma, serif;\"><span style=\"font-size: medium;\">Sulle tracce di Tusa \u00e8 andato anche il geom. Santino Mastroeni, che con una relazione dal titolo \u201cNavi sommerse all\u2019ombra dell\u2019Arghennon Akron\u201d ha presentato dettagli e risultati delle prospezioni subacquee condotte a Capo S.Alessio a fine Anni \u201990, quando guidava Archeoclub, di cui era anche consigliere nazionale. In quell\u2019occasione, sui fondali di Capo S. Alessio si immersero i subacquei di Marenostrum (la sezione di archeologica subacquea di Archeoclub) con i Carabinieri del Nucleo Tutela Patrimonio culturale, in un progetto che coinvolse anche istituzioni, privati e guardia costiera. Ne vennero fuori anfore e riprese che ora il comune di S. Alessio, in collaborazione con Archeoclub, vorrebbero far rivivere quanto meno in una struttura museale digitale che potrebbe nascere a Villa Genovesi. Era gi\u00e0 stata avviata un\u2019interlocuzione con Sebastiano Tusa quando era Soprintendente del Mare, che l\u2019assessore comunale alessese, Rosario Trischitta, ha assicurato che verr\u00e0 ripresa.<\/span><\/span><\/span><\/span><\/p>\n<p class=\"western\" align=\"justify\"><strong><span style=\"font-family: Times New Roman, serif;\"><span style=\"font-size: small;\"><span style=\"font-family: Tahoma, serif;\"><span style=\"font-size: medium;\">ALLA SCOPERTA DI COME PROGETTARONO L\u2019ABBAZIA<\/span><\/span><\/span><\/span><\/strong><\/p>\n<p class=\"western\" align=\"justify\">\u201c<span style=\"font-family: Times New Roman, serif;\"><span style=\"font-size: small;\"><span style=\"font-family: Tahoma, serif;\"><span style=\"font-size: medium;\">SS. Pietro e Paolo: disegni invisibili\u201d \u00e8 stato l\u2019interessantissimo e molto tecnico contributo della prof.ssa Marinella Arena dell\u2019Universit\u00e0 di Reggio Calabria. La Arena ha eseguito uno studio sulle strutture della basilica attraverso il quale \u00e8 risalita ai \u201cdisegni\u201d realizzati per costruirla, alla possibili soluzioni tecniche progettate per la realizzazione delle varie parti della struttura, fornendo cos\u00ec importantissimi informazioni su alcuni aspetti particolari, come la presenza di tecniche e simboli coranici nella costruzione della pi\u00f9 piccola delle due cupole.<\/span><\/span><\/span><\/span><\/p>\n<p class=\"western\" align=\"justify\"><strong><span style=\"font-family: Times New Roman, serif;\"><span style=\"font-size: small;\"><span style=\"font-family: Tahoma, serif;\"><span style=\"font-size: medium;\">ABBAZIA PASSA AL PARCO DI NAXOS, PRESENTE LA DIRETTRICE<\/span><\/span><\/span><\/span><\/strong><\/p>\n<p class=\"western\" align=\"justify\"><span style=\"font-family: Times New Roman, serif;\"><span style=\"font-size: small;\"><span style=\"font-family: Tahoma, serif;\"><span style=\"font-size: medium;\">Al meeting ha preso parte anche la dott.ssa Gabriella Tigano, ad una delle sue prime uscite pubbliche quale nuova direttrice del Parco archeologico di Naxos, nel quale \u00e8 confluita anche l\u2019Abbazia dei SS. Pietro e Paolo d\u2019Agr\u00f2, prima di competenza del Polo Museale di Messina.<\/span><\/span><\/span><\/span><\/p>\n<p class=\"western\" align=\"justify\"><span style=\"font-family: Times New Roman, serif;\"><span style=\"font-size: small;\"><span style=\"font-family: Tahoma, serif;\"><span style=\"font-size: medium;\">La neo direttrice ha assicurato l\u2019impegno del Parco, anche sul piano finanziario, per l\u2019Abbazia agrillina e che sar\u00e0 valutata anche la proposta di Archeoclub di realizzare un museo digitale nei locali annessi alla Basilica. <\/span><\/span><\/span><\/span><\/p>\n<p class=\"western\" align=\"justify\"><strong><span style=\"font-family: Times New Roman, serif;\"><span style=\"font-size: small;\"><span style=\"font-family: Tahoma, serif;\"><span style=\"font-size: medium;\">CARMELO BRIGUGLIO: \u201cLA REGIONE C\u2019E\u2019!\u201d <\/span><\/span><\/span><\/span><\/strong><\/p>\n<p class=\"western\" align=\"justify\"><span style=\"font-family: Times New Roman, serif;\"><span style=\"font-size: small;\"><span style=\"font-family: Tahoma, serif;\"><span style=\"font-size: medium;\">Ha chiuso i lavori Carmelo Briguglio, capo di gabinetto dell\u2019assessorato regionale ai Beni culturali, cercando di fare sintesi dei tanti spunti culturali offerti dal convegno ma anche dalla sensazione di abbandono rappresentata dagli operatori culturali del territorio e dalle tante proposte e richieste che negli ultimi tempi raggiungono gli organi di governo in modo sempre pi\u00f9 dettagliato e anche stimolante (in particolare, il riferimento al museo esperienziale).<\/span><\/span><\/span><\/span><\/p>\n<p class=\"western\" align=\"justify\"><span style=\"font-family: Times New Roman, serif;\"><span style=\"font-size: small;\"><span style=\"font-family: Tahoma, serif;\"><span style=\"font-size: medium;\">Briguglio ha ricordato la presenza di Tusa nell\u2019Abbazia il 28 novembre e come Tusa avesse gi\u00e0 tracciato una strada che l\u2019assessorato continua a percorrere; in questa ottica si pone la scelta di far trasmigrare l\u2019abbazia sotto la competenza del Parco di Naxos. Briguglio ha anche elogiato l\u2019attivit\u00e0 delle associazioni sul territorio ed ha anche offerto la piena collaborazione della struttura regionale rispetto a iniziative e progetti riguardanti tutti i profili di valorizzazione dell\u2019Abbazia.<\/span><\/span><\/span><\/span><\/p>\n<p class=\"western\" align=\"justify\"><strong><span style=\"font-family: Times New Roman, serif;\"><span style=\"font-size: small;\"><span style=\"font-family: Tahoma, serif;\"><span style=\"font-size: medium;\">LA SODDISFAZIONE DI ARCHEOCLUB<\/span><\/span><\/span><\/span><\/strong><\/p>\n<p class=\"western\" align=\"justify\">\u201c<span style=\"font-family: Times New Roman, serif;\"><span style=\"font-size: small;\"><span style=\"font-family: Tahoma, serif;\"><span style=\"font-size: medium;\">Un altro solstizio pieno di luce per la nostra Abbazia. Dopo gli importanti risultati raggiunti \u2013 ha detto l&#8217;avv. Filippo Brianni &#8211; speriamo di poterne cogliere ancora prima del prossimo solstizio, l\u2019anno prossimo.<\/span><\/span><\/span><\/span><\/p>\n<p class=\"western\" align=\"justify\"><span style=\"font-family: Times New Roman, serif;\"><span style=\"font-size: small;\"><span style=\"font-family: Tahoma, serif;\"><span style=\"font-size: medium;\">\u00c8 stato un convegno molto operativo, si sono lanciati molti input, tutti fattibili, anche per la qualit\u00e0 degli interlocutori, dall\u2019Universit\u00e0 al Parco di Naxos, siamo fiduciosi.<\/span><\/span><\/span><\/span><\/p>\n<p class=\"western\" align=\"justify\"><span style=\"font-family: Times New Roman, serif;\"><span style=\"font-size: small;\"><span style=\"font-family: Tahoma, serif;\"><span style=\"font-size: medium;\">Un grazie particolare alla responsabile del progetto Ketty Tam\u00e0, che rende tutto ci\u00f2 possibile, ai Lions che condividono con noi questa avventura ed al comune casalvetino che non si stanca mai di sopportarci e supportarci\u201d. <\/span><\/span><\/span><\/span><\/p>\n","protected":false},"excerpt":{"rendered":"<p>Per ricordare l\u2019ex assessore regionale ai Beni culturali Sebastiano Tusa, non il classico minuto di silenzio, ma piuttosto un minuto di\u2026 parola, la sua, quella tratta da un\u2019intervista in cui l\u2019archeologo siciliano chiude con l\u2019affermazione che deve costituire il motto di ogni operatore culturale: \u201cil dovere di divulgazione \u00e8 la mia stella polare\u201d. E\u2019 iniziata [&hellip;]<\/p>\n","protected":false},"author":4,"featured_media":34280,"comment_status":"closed","ping_status":"open","sticky":false,"template":"","format":"standard","meta":{"ub_ctt_via":"","_mi_skip_tracking":false},"categories":[13,15],"tags":[],"featured_image_src":"https:\/\/www.messinaoggi.it\/website\/wp-content\/uploads\/2019\/06\/solstizio.jpg","author_info":{"display_name":"redme","author_link":"https:\/\/www.messinaoggi.it\/website\/author\/redme\/"},"digistream_id":0,"digistream":false,"_links":{"self":[{"href":"https:\/\/www.messinaoggi.it\/website\/wp-json\/wp\/v2\/posts\/34279"}],"collection":[{"href":"https:\/\/www.messinaoggi.it\/website\/wp-json\/wp\/v2\/posts"}],"about":[{"href":"https:\/\/www.messinaoggi.it\/website\/wp-json\/wp\/v2\/types\/post"}],"author":[{"embeddable":true,"href":"https:\/\/www.messinaoggi.it\/website\/wp-json\/wp\/v2\/users\/4"}],"replies":[{"embeddable":true,"href":"https:\/\/www.messinaoggi.it\/website\/wp-json\/wp\/v2\/comments?post=34279"}],"version-history":[{"count":0,"href":"https:\/\/www.messinaoggi.it\/website\/wp-json\/wp\/v2\/posts\/34279\/revisions"}],"wp:featuredmedia":[{"embeddable":true,"href":"https:\/\/www.messinaoggi.it\/website\/wp-json\/wp\/v2\/media\/34280"}],"wp:attachment":[{"href":"https:\/\/www.messinaoggi.it\/website\/wp-json\/wp\/v2\/media?parent=34279"}],"wp:term":[{"taxonomy":"category","embeddable":true,"href":"https:\/\/www.messinaoggi.it\/website\/wp-json\/wp\/v2\/categories?post=34279"},{"taxonomy":"post_tag","embeddable":true,"href":"https:\/\/www.messinaoggi.it\/website\/wp-json\/wp\/v2\/tags?post=34279"}],"curies":[{"name":"wp","href":"https:\/\/api.w.org\/{rel}","templated":true}]}}