{"id":34260,"date":"2019-06-23T10:17:55","date_gmt":"2019-06-23T08:17:55","guid":{"rendered":"https:\/\/www.messinaoggi.it\/website\/?p=34260"},"modified":"2019-06-23T10:17:55","modified_gmt":"2019-06-23T08:17:55","slug":"la-uil-messina-alla-manifestazione-di-reggio-calabria","status":"publish","type":"post","link":"https:\/\/www.messinaoggi.it\/website\/2019\/06\/23\/la-uil-messina-alla-manifestazione-di-reggio-calabria\/","title":{"rendered":"La Uil Messina alla manifestazione di Reggio Calabria"},"content":{"rendered":"<p>\u201cGrazie allo straordinario successo della manifestazione sindacale svoltasi a Reggio Calabria, il Sud e la \u201cquestione meridionale\u201d sono giustamente ritornati al centro dell\u2019agenda politica e sociale del nostro Paese\u201d lo ha affermato Ivan Tripodi, Segretario generale UIL Messina, al termine dello splendido corteo che ha visto la partecipazione di migliaia e migliaia di lavoratori, disoccupati, giovani e pensionati.<br \/>\n\u201cLa ricreazione \u00e8 finita: il Mezzogiorno pretende risposte concrete e tangibili che passano inevitabilmente da un radicale cambiamento delle politiche del governo nazionale che, in maniera imperativa, devono avere come snodo fondamentale un unico obiettivo: lavoro, lavoro e ancora lavoro!!! E\u2019 indispensabile pensare a politiche finalizzate a realizzare sviluppo e crescita economica in un quadro di diritti e legalit\u00e0 che mettano fine ad ogni forma di assistenzialismo. E\u2019 finito il tempo delle chiacchiere e delle vuote promesse che hanno desertificato il Mezzogiorno del Paese e fatto scappare lavoratori, giovani e cervelli\u201d ha continuato il sindacalista.<br \/>\n\u201cIn questo quadro, l\u2019enorme e non scontata partecipazione alla manifestazione di Reggio, da parte di lavoratori e delegati provenienti da Messina e dalla sua provincia, ha permesso di realizzare un salto di qualit\u00e0 politico alle numerose vertenze ed emergenze che stiamo vivendo nel nostro territorio e che, purtroppo, investono quasi tutti i settori dell\u2019economia\u201d ha dichiarato Tripodi.<br \/>\n\u201cL\u2019odierna manifestazione e la mobilitazione del Sindacato rappresentano, pertanto, un punto di partenza ed un\u2019opportunit\u00e0 per dare risposte tangibili alle attese di un territorio bistrattato e desertificato, nonch\u00e9 per chiamare il Governo nazionale e le amministrazioni locali ad una piena assunzione di responsabilit\u00e0 finalizzata al risarcimento del Mezzogiorno e dei suoi cittadini che, per troppo tempo, hanno subito scelte politiche ingiuste ed ingiustificabili. Anche per questo, la UIL sar\u00e0 orgogliosamente in prima linea per un pieno riscatto di Messina e del Mezzogiorno\u201d ha concluso Ivan Tripodi, Segretario generale UIL Messina.23<div id=\"div-gpt-ad-Messinaoggi.it-DSK-300x250-corpoart\" style=\"text-align:center;margin:0 auto;\"><\/div><\/p>\n<div id=\"videoincontent\" style=\"clear:both\";><\/div>","protected":false},"excerpt":{"rendered":"<p>\u201cGrazie allo straordinario successo della manifestazione sindacale svoltasi a Reggio Calabria, il Sud e la \u201cquestione meridionale\u201d sono giustamente ritornati al centro dell\u2019agenda politica e sociale del nostro Paese\u201d lo ha affermato Ivan Tripodi, Segretario generale UIL Messina, al termine dello splendido corteo che ha visto la partecipazione di migliaia e migliaia di lavoratori, disoccupati, [&hellip;]<\/p>\n","protected":false},"author":2,"featured_media":34261,"comment_status":"closed","ping_status":"open","sticky":false,"template":"","format":"standard","meta":{"ub_ctt_via":"","_mi_skip_tracking":false},"categories":[11],"tags":[],"featured_image_src":"https:\/\/www.messinaoggi.it\/website\/wp-content\/uploads\/2019\/06\/UIL-Messina-Manifestazione-22-giugno.jpg","author_info":{"display_name":"Redazione","author_link":"https:\/\/www.messinaoggi.it\/website\/author\/redazione\/"},"digistream_id":0,"digistream":false,"_links":{"self":[{"href":"https:\/\/www.messinaoggi.it\/website\/wp-json\/wp\/v2\/posts\/34260"}],"collection":[{"href":"https:\/\/www.messinaoggi.it\/website\/wp-json\/wp\/v2\/posts"}],"about":[{"href":"https:\/\/www.messinaoggi.it\/website\/wp-json\/wp\/v2\/types\/post"}],"author":[{"embeddable":true,"href":"https:\/\/www.messinaoggi.it\/website\/wp-json\/wp\/v2\/users\/2"}],"replies":[{"embeddable":true,"href":"https:\/\/www.messinaoggi.it\/website\/wp-json\/wp\/v2\/comments?post=34260"}],"version-history":[{"count":0,"href":"https:\/\/www.messinaoggi.it\/website\/wp-json\/wp\/v2\/posts\/34260\/revisions"}],"wp:featuredmedia":[{"embeddable":true,"href":"https:\/\/www.messinaoggi.it\/website\/wp-json\/wp\/v2\/media\/34261"}],"wp:attachment":[{"href":"https:\/\/www.messinaoggi.it\/website\/wp-json\/wp\/v2\/media?parent=34260"}],"wp:term":[{"taxonomy":"category","embeddable":true,"href":"https:\/\/www.messinaoggi.it\/website\/wp-json\/wp\/v2\/categories?post=34260"},{"taxonomy":"post_tag","embeddable":true,"href":"https:\/\/www.messinaoggi.it\/website\/wp-json\/wp\/v2\/tags?post=34260"}],"curies":[{"name":"wp","href":"https:\/\/api.w.org\/{rel}","templated":true}]}}