{"id":34169,"date":"2019-06-21T10:17:01","date_gmt":"2019-06-21T08:17:01","guid":{"rendered":"https:\/\/www.messinaoggi.it\/website\/?p=34169"},"modified":"2019-06-21T10:17:01","modified_gmt":"2019-06-21T08:17:01","slug":"acr-messina-ricuciti-i-rapporti-con-lo-sponsor-fontalba","status":"publish","type":"post","link":"https:\/\/www.messinaoggi.it\/website\/2019\/06\/21\/acr-messina-ricuciti-i-rapporti-con-lo-sponsor-fontalba\/","title":{"rendered":"Acr Messina, ricuciti i rapporti con lo sponsor Fontalba"},"content":{"rendered":"<p>&#8220;Acr Messina intende manifestare il proprio apprezzamento a seguito dell&#8217;incontro odierno tra una rappresentanza della propria dirigenza e il dottore Alessandro Faranda, amministratore del gruppo &#8220;Fontalba&#8221;. Le parti si sono confrontate con l&#8217;obiettivo primario di chiarire innanzitutto le incomprensioni che hanno caratterizzato di recente il rapporto tra la societ\u00e0 ed il main sponsor che ha accompagnato la squadra nell&#8217;ultima stagione&#8221;.<br \/>\nLo scrive in una nota la societ\u00e0 messinese.<br \/>\nNel corso dell&#8217;incontro la dirigenza dell&#8217;Acr Messina ha fornito le prime risposte sulle problematiche che hanno poi portato il gruppo Fontalba a propendere per la risoluzione del contratto.<br \/>\nLa societ\u00e0 nei prossimi giorni fornir\u00e0 al dottore Faranda ulteriori chiarimenti e dettagli relativi ai programmi e alle strategie del nuovo corso giallorosso.<br \/>\nL&#8217;augurio dell&#8217;Acr Messina, dunque, dopo il confronto di questo pomeriggio, \u00e8 quello di poter proseguire sul percorso intrapreso, finalizzato prima di tutto ai chiarimenti e alla distensione di rapporti che auspichiamo possano tornare intanto sui binari del rispetto e della serenit\u00e0.<br \/>\nLa societ\u00e0 ringrazia il dottore Faranda per la disponibilit\u00e0 e la cordialit\u00e0 dimostrate nell&#8217;occasione.<div id=\"div-gpt-ad-Messinaoggi.it-DSK-300x250-corpoart\" style=\"text-align:center;margin:0 auto;\"><\/div><\/p>\n<div id=\"videoincontent\" style=\"clear:both\";><\/div>","protected":false},"excerpt":{"rendered":"<p>&#8220;Acr Messina intende manifestare il proprio apprezzamento a seguito dell&#8217;incontro odierno tra una rappresentanza della propria dirigenza e il dottore Alessandro Faranda, amministratore del gruppo &#8220;Fontalba&#8221;. Le parti si sono confrontate con l&#8217;obiettivo primario di chiarire innanzitutto le incomprensioni che hanno caratterizzato di recente il rapporto tra la societ\u00e0 ed il main sponsor che ha [&hellip;]<\/p>\n","protected":false},"author":2,"featured_media":33781,"comment_status":"closed","ping_status":"open","sticky":false,"template":"","format":"standard","meta":{"ub_ctt_via":"","_mi_skip_tracking":false},"categories":[10,9],"tags":[],"featured_image_src":"https:\/\/www.messinaoggi.it\/website\/wp-content\/uploads\/2019\/06\/IMG-20190611-WA0004.jpg","author_info":{"display_name":"Redazione","author_link":"https:\/\/www.messinaoggi.it\/website\/author\/redazione\/"},"digistream_id":0,"digistream":false,"_links":{"self":[{"href":"https:\/\/www.messinaoggi.it\/website\/wp-json\/wp\/v2\/posts\/34169"}],"collection":[{"href":"https:\/\/www.messinaoggi.it\/website\/wp-json\/wp\/v2\/posts"}],"about":[{"href":"https:\/\/www.messinaoggi.it\/website\/wp-json\/wp\/v2\/types\/post"}],"author":[{"embeddable":true,"href":"https:\/\/www.messinaoggi.it\/website\/wp-json\/wp\/v2\/users\/2"}],"replies":[{"embeddable":true,"href":"https:\/\/www.messinaoggi.it\/website\/wp-json\/wp\/v2\/comments?post=34169"}],"version-history":[{"count":0,"href":"https:\/\/www.messinaoggi.it\/website\/wp-json\/wp\/v2\/posts\/34169\/revisions"}],"wp:featuredmedia":[{"embeddable":true,"href":"https:\/\/www.messinaoggi.it\/website\/wp-json\/wp\/v2\/media\/33781"}],"wp:attachment":[{"href":"https:\/\/www.messinaoggi.it\/website\/wp-json\/wp\/v2\/media?parent=34169"}],"wp:term":[{"taxonomy":"category","embeddable":true,"href":"https:\/\/www.messinaoggi.it\/website\/wp-json\/wp\/v2\/categories?post=34169"},{"taxonomy":"post_tag","embeddable":true,"href":"https:\/\/www.messinaoggi.it\/website\/wp-json\/wp\/v2\/tags?post=34169"}],"curies":[{"name":"wp","href":"https:\/\/api.w.org\/{rel}","templated":true}]}}