{"id":34145,"date":"2019-06-20T12:42:20","date_gmt":"2019-06-20T10:42:20","guid":{"rendered":"https:\/\/www.messinaoggi.it\/website\/?p=34145"},"modified":"2019-06-20T12:42:20","modified_gmt":"2019-06-20T10:42:20","slug":"violenze-aias-i-vertici-chi-sbaglia-deve-pagare","status":"publish","type":"post","link":"https:\/\/www.messinaoggi.it\/website\/2019\/06\/20\/violenze-aias-i-vertici-chi-sbaglia-deve-pagare\/","title":{"rendered":"Violenze Aias, i vertici: Chi sbaglia deve pagare"},"content":{"rendered":"<p><span style=\"color: #000000; font-family: verdana, sans-serif;\">\u201cChi sbaglia paga e il dipendente dell&#8217;AIAS di Barcellona Pozzo di Gotto, che prestava servizio nel nostro ambulatorio di Milazzo, certamente pagher\u00e0 per quello che ha fatto, per aver tenuto un comportamento gravissimo e inaccettabile nei confronti dei nostri piccoli Assistiti\u201d.<br \/>\nLo afferma il presidente del Centro di riabilitazione AIAS di Barcellona P. G., Fabio Marletta, in merito alla notizia diffusa oggi di un logopedista accusato di aver maltrattato e abbandonato i pazienti durante le sedute di riabilitazione.<br \/>\n<\/span>\u201cAbbiamo appreso solo questa mattina dai giornali i fatti contestati al logopedista e abbiamo visto, con grande sgomento, il video che lo riprende in atteggiamenti odiosi \u2013 prosegue il Presidente della Sezione AIAS \u2013 Quello che \u00e8 emerso dalle intercettazioni colpisce profondamente tutti noi dell&#8217;AIAS e i tanti nostri operatori che con professionalit\u00e0, onest\u00e0 e amore quotidianamente assistono i nostri ragazzi con disabilit\u00e0\u201d.<br \/>\n\u201cDisinteressarsi dei bimbi, schiaffeggiarli e strattonarli all&#8217;interno delle aule in cui si svolge la terapia \u00e8 quanto di pi\u00f9 grave possa accadere \u2013 sottolinea ancora \u2013 Ci auguriamo che la persona in questione paghi a livello penale per quello che ha fatto, ma la nostra Associazione non pu\u00f2 stare a guardare e per questo apriremo un procedimento disciplinare nei confronti del logopedista, che porter\u00e0 alla erogazione della sanzione pi\u00f9 grave\u201d.<br \/>\n\u201cAspettiamo notizie ufficiali da parte delle autorit\u00e0 competenti, con le quali collaboreremo per fornire ogni ulteriore utile informazione. Certamente ci costituiremo parte civile nel procedimento penale\u201d.<br \/>\n\u201cAbbiamo una responsabilit\u00e0 morale per ci\u00f2 che \u00e8 successo, perch\u00e9 il nostro primo obiettivo \u00e8 tutelare i nostri Assistiti, tutti, ma a maggior ragione i pi\u00f9 piccoli \u2013 conclude Fabio Marletta \u2013 Lo dobbiamo a loro, ai loro familiari, ai soci dell&#8217;AIAS e ai tanti operatori onesti, profondamente colpiti da quello che \u00e8 accaduto. Sono disgustato\u201d.<div id=\"div-gpt-ad-Messinaoggi.it-DSK-300x250-corpoart\" style=\"text-align:center;margin:0 auto;\"><\/div><\/p>\n<div id=\"videoincontent\" style=\"clear:both\";><\/div>","protected":false},"excerpt":{"rendered":"<p>\u201cChi sbaglia paga e il dipendente dell&#8217;AIAS di Barcellona Pozzo di Gotto, che prestava servizio nel nostro ambulatorio di Milazzo, certamente pagher\u00e0 per quello che ha fatto, per aver tenuto un comportamento gravissimo e inaccettabile nei confronti dei nostri piccoli Assistiti\u201d. Lo afferma il presidente del Centro di riabilitazione AIAS di Barcellona P. G., Fabio [&hellip;]<\/p>\n","protected":false},"author":2,"featured_media":34146,"comment_status":"closed","ping_status":"open","sticky":false,"template":"","format":"standard","meta":{"ub_ctt_via":"","_mi_skip_tracking":false},"categories":[5],"tags":[],"featured_image_src":"https:\/\/www.messinaoggi.it\/website\/wp-content\/uploads\/2019\/06\/AF352121-5B8D-490F-ABB5-08F461EB114E.jpeg","author_info":{"display_name":"Redazione","author_link":"https:\/\/www.messinaoggi.it\/website\/author\/redazione\/"},"digistream_id":0,"digistream":false,"_links":{"self":[{"href":"https:\/\/www.messinaoggi.it\/website\/wp-json\/wp\/v2\/posts\/34145"}],"collection":[{"href":"https:\/\/www.messinaoggi.it\/website\/wp-json\/wp\/v2\/posts"}],"about":[{"href":"https:\/\/www.messinaoggi.it\/website\/wp-json\/wp\/v2\/types\/post"}],"author":[{"embeddable":true,"href":"https:\/\/www.messinaoggi.it\/website\/wp-json\/wp\/v2\/users\/2"}],"replies":[{"embeddable":true,"href":"https:\/\/www.messinaoggi.it\/website\/wp-json\/wp\/v2\/comments?post=34145"}],"version-history":[{"count":0,"href":"https:\/\/www.messinaoggi.it\/website\/wp-json\/wp\/v2\/posts\/34145\/revisions"}],"wp:featuredmedia":[{"embeddable":true,"href":"https:\/\/www.messinaoggi.it\/website\/wp-json\/wp\/v2\/media\/34146"}],"wp:attachment":[{"href":"https:\/\/www.messinaoggi.it\/website\/wp-json\/wp\/v2\/media?parent=34145"}],"wp:term":[{"taxonomy":"category","embeddable":true,"href":"https:\/\/www.messinaoggi.it\/website\/wp-json\/wp\/v2\/categories?post=34145"},{"taxonomy":"post_tag","embeddable":true,"href":"https:\/\/www.messinaoggi.it\/website\/wp-json\/wp\/v2\/tags?post=34145"}],"curies":[{"name":"wp","href":"https:\/\/api.w.org\/{rel}","templated":true}]}}