{"id":3411,"date":"2017-06-24T09:52:50","date_gmt":"2017-06-24T07:52:50","guid":{"rendered":"http:\/\/www.messinaoggi.it\/website\/?p=3411"},"modified":"2017-06-24T09:52:50","modified_gmt":"2017-06-24T07:52:50","slug":"labormetro-sul-parco-dei-peloritani-diatribe-esasperate-e-strumentali","status":"publish","type":"post","link":"https:\/\/www.messinaoggi.it\/website\/2017\/06\/24\/labormetro-sul-parco-dei-peloritani-diatribe-esasperate-e-strumentali\/","title":{"rendered":"LaborMetro: &quot;Sul Parco dei Peloritani diatribe esasperate e strumentali&quot;"},"content":{"rendered":"<div>Sembra diventata una delle polemiche poco utili per la citt\u00e0 in un momento in cui ci dovrebbero essere iniziative per &#8220;svegliarla&#8221;. Sull&#8217;idea del Parco dei Peloritani prende posizione LaborMetro, che si rivolge agli organi di stampa: &#8220;La realizzazione di uno strumento di sviluppo sostenibile importante per tutto il territorio della Citt\u00e0 metropolitana qual \u00e8 il Parco dei Peloritani non pu\u00f2 divenire oggetto di diatribe talvolta esasperate strumentali o di contrapposizioni dalla caratterizzazione ideologica.<\/div>\n<div><\/div>\n<div>Alla luce di tali considerazioni Labormetro, dopo aver partecipato alla elaborazione di un manifesto in cui si evidenziano tutti i vantaggi derivanti dalla istituzione del Parco, ha avviato una interlocuzione con i rappresentanti istituzionali delle varie realt\u00e0 territoriali interessate per avere indicazioni a sostegno di tale iniziativa&#8221;.<\/div>\n<div id=\"div-gpt-ad-Messinaoggi.it-DSK-300x250-corpoart\" style=\"text-align:center;margin:0 auto;\"><\/div><\/p><div id=\"videoincontent\" style=\"clear:both\";><\/div>","protected":false},"excerpt":{"rendered":"<p>Sembra diventata una delle polemiche poco utili per la citt\u00e0 in un momento in cui ci dovrebbero essere iniziative per &#8220;svegliarla&#8221;. Sull&#8217;idea del Parco dei Peloritani prende posizione LaborMetro, che si rivolge agli organi di stampa: &#8220;La realizzazione di uno strumento di sviluppo sostenibile importante per tutto il territorio della Citt\u00e0 metropolitana qual \u00e8 il [&hellip;]<\/p>\n","protected":false},"author":2,"featured_media":1312,"comment_status":"closed","ping_status":"open","sticky":false,"template":"","format":"standard","meta":{"ub_ctt_via":"","_mi_skip_tracking":false},"categories":[4],"tags":[],"featured_image_src":"https:\/\/www.messinaoggi.it\/website\/wp-content\/uploads\/2017\/06\/Monti-Peloritani-3.jpg","author_info":{"display_name":"Redazione","author_link":"https:\/\/www.messinaoggi.it\/website\/author\/redazione\/"},"digistream_id":0,"digistream":false,"_links":{"self":[{"href":"https:\/\/www.messinaoggi.it\/website\/wp-json\/wp\/v2\/posts\/3411"}],"collection":[{"href":"https:\/\/www.messinaoggi.it\/website\/wp-json\/wp\/v2\/posts"}],"about":[{"href":"https:\/\/www.messinaoggi.it\/website\/wp-json\/wp\/v2\/types\/post"}],"author":[{"embeddable":true,"href":"https:\/\/www.messinaoggi.it\/website\/wp-json\/wp\/v2\/users\/2"}],"replies":[{"embeddable":true,"href":"https:\/\/www.messinaoggi.it\/website\/wp-json\/wp\/v2\/comments?post=3411"}],"version-history":[{"count":0,"href":"https:\/\/www.messinaoggi.it\/website\/wp-json\/wp\/v2\/posts\/3411\/revisions"}],"wp:featuredmedia":[{"embeddable":true,"href":"https:\/\/www.messinaoggi.it\/website\/wp-json\/wp\/v2\/media\/1312"}],"wp:attachment":[{"href":"https:\/\/www.messinaoggi.it\/website\/wp-json\/wp\/v2\/media?parent=3411"}],"wp:term":[{"taxonomy":"category","embeddable":true,"href":"https:\/\/www.messinaoggi.it\/website\/wp-json\/wp\/v2\/categories?post=3411"},{"taxonomy":"post_tag","embeddable":true,"href":"https:\/\/www.messinaoggi.it\/website\/wp-json\/wp\/v2\/tags?post=3411"}],"curies":[{"name":"wp","href":"https:\/\/api.w.org\/{rel}","templated":true}]}}