{"id":34092,"date":"2019-06-19T11:45:08","date_gmt":"2019-06-19T09:45:08","guid":{"rendered":"https:\/\/www.messinaoggi.it\/website\/?p=34092"},"modified":"2019-06-19T11:45:08","modified_gmt":"2019-06-19T09:45:08","slug":"treni-senza-aria-condizionata-sulla-messina-palermo-protesta-catalfamo","status":"publish","type":"post","link":"https:\/\/www.messinaoggi.it\/website\/2019\/06\/19\/treni-senza-aria-condizionata-sulla-messina-palermo-protesta-catalfamo\/","title":{"rendered":"Treni senza aria condizionata sulla Messina-Palermo, protesta Catalfamo"},"content":{"rendered":"<p>\u201cIn molte carrozze l\u2019aria condizionata risulta assente o poco funzionante e questo, se si aggiunge al blocco dei finestrini, causa un problema serio visto le temperature di queste settimane superiori ai 30 gradi.\u201d<br \/>\nLo dichiara in una nota l\u2019On. Antonio Catalfamo, capogruppo all\u2019Ars per Fratelli d\u2019Italia, dopo aver depositato una interrogazione diretta all\u2019Assessore Falcone.<br \/>\n\u201cLa tratta Messina &#8211; Palermo \u00e8 una di quelle pi\u00f9 trafficate da turisti e lavoratori pendolari. I ritardi dovuti alla mancanza del raddoppio ferroviario tra Patti e Cefal\u00f9 &#8211; di impossibile realizzazione per motivi di spazio &#8211; creano gi\u00e0 di per s\u00e8 una cornice frustrante per i tanti viaggiatori. Abbiamo quindi chiesto all\u2019Assessore Regionale alla Infrastrutture Marco Falcone, di approfondire la questione e trovare eventualmente un accordo con Ferrovie nell\u2019interesse dei cittadini.\u201d<div id=\"div-gpt-ad-Messinaoggi.it-DSK-300x250-corpoart\" style=\"text-align:center;margin:0 auto;\"><\/div><\/p>\n<div id=\"videoincontent\" style=\"clear:both\";><\/div>","protected":false},"excerpt":{"rendered":"<p>\u201cIn molte carrozze l\u2019aria condizionata risulta assente o poco funzionante e questo, se si aggiunge al blocco dei finestrini, causa un problema serio visto le temperature di queste settimane superiori ai 30 gradi.\u201d Lo dichiara in una nota l\u2019On. Antonio Catalfamo, capogruppo all\u2019Ars per Fratelli d\u2019Italia, dopo aver depositato una interrogazione diretta all\u2019Assessore Falcone. \u201cLa [&hellip;]<\/p>\n","protected":false},"author":2,"featured_media":7737,"comment_status":"closed","ping_status":"open","sticky":false,"template":"","format":"standard","meta":{"ub_ctt_via":"","_mi_skip_tracking":false},"categories":[5],"tags":[],"featured_image_src":"https:\/\/www.messinaoggi.it\/website\/wp-content\/uploads\/2017\/09\/DSC_0865-2.jpg","author_info":{"display_name":"Redazione","author_link":"https:\/\/www.messinaoggi.it\/website\/author\/redazione\/"},"digistream_id":0,"digistream":false,"_links":{"self":[{"href":"https:\/\/www.messinaoggi.it\/website\/wp-json\/wp\/v2\/posts\/34092"}],"collection":[{"href":"https:\/\/www.messinaoggi.it\/website\/wp-json\/wp\/v2\/posts"}],"about":[{"href":"https:\/\/www.messinaoggi.it\/website\/wp-json\/wp\/v2\/types\/post"}],"author":[{"embeddable":true,"href":"https:\/\/www.messinaoggi.it\/website\/wp-json\/wp\/v2\/users\/2"}],"replies":[{"embeddable":true,"href":"https:\/\/www.messinaoggi.it\/website\/wp-json\/wp\/v2\/comments?post=34092"}],"version-history":[{"count":0,"href":"https:\/\/www.messinaoggi.it\/website\/wp-json\/wp\/v2\/posts\/34092\/revisions"}],"wp:featuredmedia":[{"embeddable":true,"href":"https:\/\/www.messinaoggi.it\/website\/wp-json\/wp\/v2\/media\/7737"}],"wp:attachment":[{"href":"https:\/\/www.messinaoggi.it\/website\/wp-json\/wp\/v2\/media?parent=34092"}],"wp:term":[{"taxonomy":"category","embeddable":true,"href":"https:\/\/www.messinaoggi.it\/website\/wp-json\/wp\/v2\/categories?post=34092"},{"taxonomy":"post_tag","embeddable":true,"href":"https:\/\/www.messinaoggi.it\/website\/wp-json\/wp\/v2\/tags?post=34092"}],"curies":[{"name":"wp","href":"https:\/\/api.w.org\/{rel}","templated":true}]}}