{"id":34023,"date":"2019-06-18T09:00:46","date_gmt":"2019-06-18T07:00:46","guid":{"rendered":"https:\/\/www.messinaoggi.it\/website\/?p=34023"},"modified":"2019-06-18T09:00:46","modified_gmt":"2019-06-18T07:00:46","slug":"procedimento-amministrativo-grasso-e-armao-illustrano-la-norma","status":"publish","type":"post","link":"https:\/\/www.messinaoggi.it\/website\/2019\/06\/18\/procedimento-amministrativo-grasso-e-armao-illustrano-la-norma\/","title":{"rendered":"Procedimento amministrativo: Grasso e Armao illustrano la norma"},"content":{"rendered":"<p class=\"p1\" style=\"text-align: justify;\"><span class=\"s1\">L\u2019Accademia peloritana ha ospitato il primo incontro per la presentazione del nuovo testo legislativo sulla semplificazione del procedimento amministrativo nella nuova normativa siciliana, ospiti della giornata l\u2019On. Bernardette Grasso, Assessore regionale alle Autonomie locali e alla Funzione pubblica e l\u2019On. Gaetano Armao, Vicepresidente della Regione Siciliana , che hanno illustrato le modalit\u00e0 e le principali novit\u00e0 introdotte dalla nuova legge regionale. All\u2019incontro hanno preso parte il rettore, prof. Salvatore Cuzzocrea, il Prorettore vicario, prof. Giovanni Moschella, ed il Direttore del Dipartimento di Giurisprudenza, prof. Francesco Astone.<\/span><div id=\"div-gpt-ad-Messinaoggi.it-DSK-300x250-corpoart\" style=\"text-align:center;margin:0 auto;\"><\/div><\/p>\n<p class=\"p1\" style=\"text-align: justify;\"><span class=\"s1\">\u201cAbbiamo iniziato da Messina ma andremo in tutte le altre citt\u00e0 siciliane ad illustrare questa profonda e radicale riforma dell\u2019amministrazione regionale \u2013 ha detto il Vicepresidente Armao. Grazie a questo nuovo procedimento, elaborato anche con un significativo apporto delle nostre Universit\u00e0, l\u2019approccio con la gestione amministrativa sar\u00e0 pi\u00f9 agevole e ci\u00f2 render\u00e0 la Sicilia la regione pi\u00f9 avanzata su questo piano. Questa legge rappresenta la cura alla malattia del burocratismo che ha fino ad oggi ha afflitto la nostra regione\u201d.<\/span><div id=\"videoincontent\" style=\"clear:both\";><\/div><\/p>\n<p class=\"p1\" style=\"text-align: justify;\"><span class=\"s1\">\u201cCon questa nuova legge \u2013 ha dichiarato l\u2019On. Grasso \u2013 abbiamo prima cercato di racchiudere tutte le normative nazionali e regionali che erano disorganiche per riunirle in un testo unico ed evitare il continuo rimando tra le norme dello stato e della regione. In seguito, abbiamo voluto semplificare tutti i procedimenti amministrativi per renderli pi\u00f9 trasparenti nei confronti dei cittadini e sono state introdotte delle responsabilit\u00e0, con sanzioni, nei confronti dei dirigenti inadempienti; dal punto di vista della trasparenza, abbiamo puntato sulla partecipazione del cittadino al procedimento amministrativo. In tal modo, durante la fase istruttoria di un procedimento, un cittadino potr\u00e0 interfacciarsi con il responsabile del procedimento al fine di redigere pi\u00f9 velocemente un verbale e accelerare i tempi amministrativi\u201d.<\/span><\/p>\n<p class=\"p1\" style=\"text-align: justify;\"><span class=\"s1\">Le nuove disposizioni mirano ad armonizzare la normativa regionale con quella di livello statale e nasce dall\u2019esigenza di conformare istituti pensati per l\u2019organizzazione centrale all\u2019amministrazione regionale in coerenza con la competenza esclusiva riconosciuta allo Statuto in materia di organizzazione degli uffici. La legge compie delle scelte innovative rispetto alla disciplina nazionale per rendere maggiormente significativa ed efficace la portata degli istituti di semplificazione sulla realt\u00e0 socio-economica siciliana.<\/span><\/p>\n<p class=\"p1\" style=\"text-align: justify;\"><span class=\"s1\">Le principali novit\u00e0 che sono state introdotte attengono alla disciplina della conferenza di servizi, della Segnalazione Certificata di Inizio attivit\u00e0 (SCIA) e del silenzio-assenso, che ha subito i maggiori interventi riformatori.<\/span><\/p>\n<p class=\"p1\" style=\"text-align: justify;\"><span class=\"s1\">In tal senso \u00e8 stata accresciuta la responsabilit\u00e0 della dirigenza regionale in ordine all\u2019attuazione delle disposizioni, del rispetto dei tempi e della individuazione dei compiti all\u2019interno degli uffici.<\/span><\/p>\n","protected":false},"excerpt":{"rendered":"<p>L\u2019Accademia peloritana ha ospitato il primo incontro per la presentazione del nuovo testo legislativo sulla semplificazione del procedimento amministrativo nella nuova normativa siciliana, ospiti della giornata l\u2019On. Bernardette Grasso, Assessore regionale alle Autonomie locali e alla Funzione pubblica e l\u2019On. Gaetano Armao, Vicepresidente della Regione Siciliana , che hanno illustrato le modalit\u00e0 e le principali [&hellip;]<\/p>\n","protected":false},"author":2,"featured_media":34024,"comment_status":"closed","ping_status":"open","sticky":false,"template":"","format":"standard","meta":{"ub_ctt_via":"","_mi_skip_tracking":false},"categories":[4],"tags":[],"featured_image_src":"https:\/\/www.messinaoggi.it\/website\/wp-content\/uploads\/2019\/06\/DSC03953.jpg","author_info":{"display_name":"Redazione","author_link":"https:\/\/www.messinaoggi.it\/website\/author\/redazione\/"},"digistream_id":0,"digistream":false,"_links":{"self":[{"href":"https:\/\/www.messinaoggi.it\/website\/wp-json\/wp\/v2\/posts\/34023"}],"collection":[{"href":"https:\/\/www.messinaoggi.it\/website\/wp-json\/wp\/v2\/posts"}],"about":[{"href":"https:\/\/www.messinaoggi.it\/website\/wp-json\/wp\/v2\/types\/post"}],"author":[{"embeddable":true,"href":"https:\/\/www.messinaoggi.it\/website\/wp-json\/wp\/v2\/users\/2"}],"replies":[{"embeddable":true,"href":"https:\/\/www.messinaoggi.it\/website\/wp-json\/wp\/v2\/comments?post=34023"}],"version-history":[{"count":0,"href":"https:\/\/www.messinaoggi.it\/website\/wp-json\/wp\/v2\/posts\/34023\/revisions"}],"wp:featuredmedia":[{"embeddable":true,"href":"https:\/\/www.messinaoggi.it\/website\/wp-json\/wp\/v2\/media\/34024"}],"wp:attachment":[{"href":"https:\/\/www.messinaoggi.it\/website\/wp-json\/wp\/v2\/media?parent=34023"}],"wp:term":[{"taxonomy":"category","embeddable":true,"href":"https:\/\/www.messinaoggi.it\/website\/wp-json\/wp\/v2\/categories?post=34023"},{"taxonomy":"post_tag","embeddable":true,"href":"https:\/\/www.messinaoggi.it\/website\/wp-json\/wp\/v2\/tags?post=34023"}],"curies":[{"name":"wp","href":"https:\/\/api.w.org\/{rel}","templated":true}]}}