{"id":33991,"date":"2019-06-17T11:13:26","date_gmt":"2019-06-17T09:13:26","guid":{"rendered":"https:\/\/www.messinaoggi.it\/website\/?p=33991"},"modified":"2019-06-17T11:13:26","modified_gmt":"2019-06-17T09:13:26","slug":"uccio-de-santis-1-mln-di-follower-su-fb-dopo-le-barzellette-girate-a-taormina","status":"publish","type":"post","link":"https:\/\/www.messinaoggi.it\/website\/2019\/06\/17\/uccio-de-santis-1-mln-di-follower-su-fb-dopo-le-barzellette-girate-a-taormina\/","title":{"rendered":"Uccio De Santis, 1 mln di follower su Fb dopo le barzellette girate a Taormina"},"content":{"rendered":"<p class=\"p1\"><span class=\"s1\">Uccio De Santis festeggia il primo milione di follower su Facebook. Il grande comico pugliese, definito \u201cil re della risata\u201d dalla scrittrice di successo Catena Fiorello, \u00e8 ormai seguitissimo sui social. Sabato 15 giugno, alle 15.44, ha tagliato l\u2019importante traguardo che per\u00f2 \u00e8 solo un punto di partenza.<\/span><div id=\"div-gpt-ad-Messinaoggi.it-DSK-300x250-corpoart\" style=\"text-align:center;margin:0 auto;\"><\/div><\/p>\n<p class=\"p1\"><span class=\"s1\">Il protagonista del programma televisivo Mud\u00f9, oltre ai grandi numeri su Facebook, vanta oltre 150.000 follower su Instagram e viaggia verso i 300.000 iscritti su Youtube.<\/span><div id=\"videoincontent\" style=\"clear:both\";><\/div><\/p>\n<p class=\"p1\"><span class=\"s1\">L\u2019artista barese, negli ultimi due mesi, ha partecipato a diverse trasmissioni della Rai. \u00c8 stato ospite a \u201cMade in Sud\u201d (presentatori Stefano De Martino e Fatima Trotta), \u201cI soliti ignoti\u201d (Amadeus), \u201cApplausi\u201d (Gigi Marzullo) e \u201cLa vita in diretta\u201d (Tiberio Timperi e Francesca Fialdini). Nelle prossime settimane sar\u00e0 ospite pi\u00f9 volte a \u201cLa sai l\u2019ultima?\u201d (conduttore Ezio Greggio).<\/span><\/p>\n<p class=\"p1\"><span class=\"s1\">Il 13 agosto del 2018 \u00e8 salito sul prestigioso palco del Teatro Antico di Taormina (insieme ai colleghi Umberto Sardella e Antonella Genga e all\u2019Orchestra da Favola), mettendo in scena uno degli spettacoli di cabaret pi\u00f9 belli e pi\u00f9 divertenti visti negli ultimi anni nella storica cavea siciliana. Uccio De Santis ha incantato gli oltre 4.000 spettatori con una serata speciale di \u201cVi racconto il mio Mud\u00f9\u201d.<\/span><\/p>\n<p class=\"p1\"><span class=\"s1\">In prima linea, nell\u2019organizzazione e nella promozione di quel memorabile show, il giornalista taorminese Saro Lagan\u00e0, amico personale del comico, che proprio nei giorni scorsi ha consegnato una targa a De Santis. La standing ovation finale al Teatro Antico \u00e8 stata il giusto premio per il grande artista che ormai si \u00e8 innamorato della Sicilia.<\/span><\/p>\n<p class=\"p1\"><span class=\"s1\">A fine maggio, infatti, Uccio De Santis ha girato tra Taormina, Letojanni e Savoca le nuove barzellette del Mud\u00f9. Presenti, oltre al regista Vito Cea, gli attori storici del programma: Umberto Sardella, Antonella Genga, Brando Rossi, Luigia Caringella, Annabella Giordano, Emanuele Tartanone, Pino Fusco, Max Diele e Dana Ceci.<\/span><\/p>\n<p class=\"p1\"><span class=\"s1\">Il grande artista pugliese \u00e8 gi\u00e0 immerso nel tour estivo, con numerose date in tutta Italia. In Sicilia le serate gi\u00e0 confermate sono il 16 luglio a Lipari, il 17 luglio a Letojanni e il 2 agosto a Modica.<\/span><\/p>\n","protected":false},"excerpt":{"rendered":"<p>Uccio De Santis festeggia il primo milione di follower su Facebook. Il grande comico pugliese, definito \u201cil re della risata\u201d dalla scrittrice di successo Catena Fiorello, \u00e8 ormai seguitissimo sui social. Sabato 15 giugno, alle 15.44, ha tagliato l\u2019importante traguardo che per\u00f2 \u00e8 solo un punto di partenza. Il protagonista del programma televisivo Mud\u00f9, oltre [&hellip;]<\/p>\n","protected":false},"author":2,"featured_media":22822,"comment_status":"closed","ping_status":"open","sticky":false,"template":"","format":"standard","meta":{"ub_ctt_via":"","_mi_skip_tracking":false},"categories":[3],"tags":[],"featured_image_src":"https:\/\/www.messinaoggi.it\/website\/wp-content\/uploads\/2018\/08\/Uccio-De-Santis-1.jpeg","author_info":{"display_name":"Redazione","author_link":"https:\/\/www.messinaoggi.it\/website\/author\/redazione\/"},"digistream_id":0,"digistream":false,"_links":{"self":[{"href":"https:\/\/www.messinaoggi.it\/website\/wp-json\/wp\/v2\/posts\/33991"}],"collection":[{"href":"https:\/\/www.messinaoggi.it\/website\/wp-json\/wp\/v2\/posts"}],"about":[{"href":"https:\/\/www.messinaoggi.it\/website\/wp-json\/wp\/v2\/types\/post"}],"author":[{"embeddable":true,"href":"https:\/\/www.messinaoggi.it\/website\/wp-json\/wp\/v2\/users\/2"}],"replies":[{"embeddable":true,"href":"https:\/\/www.messinaoggi.it\/website\/wp-json\/wp\/v2\/comments?post=33991"}],"version-history":[{"count":0,"href":"https:\/\/www.messinaoggi.it\/website\/wp-json\/wp\/v2\/posts\/33991\/revisions"}],"wp:featuredmedia":[{"embeddable":true,"href":"https:\/\/www.messinaoggi.it\/website\/wp-json\/wp\/v2\/media\/22822"}],"wp:attachment":[{"href":"https:\/\/www.messinaoggi.it\/website\/wp-json\/wp\/v2\/media?parent=33991"}],"wp:term":[{"taxonomy":"category","embeddable":true,"href":"https:\/\/www.messinaoggi.it\/website\/wp-json\/wp\/v2\/categories?post=33991"},{"taxonomy":"post_tag","embeddable":true,"href":"https:\/\/www.messinaoggi.it\/website\/wp-json\/wp\/v2\/tags?post=33991"}],"curies":[{"name":"wp","href":"https:\/\/api.w.org\/{rel}","templated":true}]}}