{"id":33959,"date":"2019-06-15T22:41:28","date_gmt":"2019-06-15T20:41:28","guid":{"rendered":"https:\/\/www.messinaoggi.it\/website\/?p=33959"},"modified":"2019-06-15T22:41:28","modified_gmt":"2019-06-15T20:41:28","slug":"genovese-jr-a-convention-di-diventera-bellissima-sono-qui-per-sostegno-a-musumeci","status":"publish","type":"post","link":"https:\/\/www.messinaoggi.it\/website\/2019\/06\/15\/genovese-jr-a-convention-di-diventera-bellissima-sono-qui-per-sostegno-a-musumeci\/","title":{"rendered":"Genovese jr a convention di Diventer\u00e0 Bellissima: \u201cSostegno a Musumeci\u201d"},"content":{"rendered":"<p>\u201cSono qui per sostenere il presidente Musumeci&#8221;. A parlare \u00e8 Luigi Genovese, deputato di Forza Italia all&#8217;Ars, oggi pomeriggio in piazza Verdi, a Palermo, per la convention di Diventer\u00e0Bellissima.<br \/>\nUna presenza che non passa inosservata e che potrebbe segnare un passaggio del deputato azzurro al movimento del governatore. &#8220;In Forza Italia ci sono persone che stimo ma ci sono anche dinamiche che mi hanno fatto soffrire. Sto valutando &#8211; dice &#8211; Mi prendo ancora un po&#8217; di tempo, non ho nessun tipo di esigenza personale. L&#8217;idea \u00e8 prospettica, bisogna capire cosa si vuole fare in <strong><span style=\"color: #dc143c;\">SICILIA<\/span><\/strong> nei prossimi anni. Ci sono tante persone che vogliono costruire&#8221;.<br \/>\nSu Miccich\u00e8 Genovese non si sbilancia: &#8220;In caso lascio Forza Italia non Gianfranco&#8221; dice e sottolinea la sua stima all&#8217;assessore Ruggero Razza che all&#8217;interno di Diventer\u00e0Bellissima si \u00e8 espresso pi\u00f9 volte a favore di un&#8217;alleanza con la Lega di Salvini. Fra i deputati regionali di altri schieramenti in piazza anche Vincenzo Figuccia (Udc) e\u00a0 Daniela Ternullo (Popolari e Autonomisti).<div id=\"div-gpt-ad-Messinaoggi.it-DSK-300x250-corpoart\" style=\"text-align:center;margin:0 auto;\"><\/div><\/p>\n<div id=\"videoincontent\" style=\"clear:both\";><\/div>","protected":false},"excerpt":{"rendered":"<p>\u201cSono qui per sostenere il presidente Musumeci&#8221;. A parlare \u00e8 Luigi Genovese, deputato di Forza Italia all&#8217;Ars, oggi pomeriggio in piazza Verdi, a Palermo, per la convention di Diventer\u00e0Bellissima. Una presenza che non passa inosservata e che potrebbe segnare un passaggio del deputato azzurro al movimento del governatore. &#8220;In Forza Italia ci sono persone che [&hellip;]<\/p>\n","protected":false},"author":2,"featured_media":8220,"comment_status":"closed","ping_status":"open","sticky":false,"template":"","format":"standard","meta":{"ub_ctt_via":"","_mi_skip_tracking":false},"categories":[19],"tags":[],"featured_image_src":"https:\/\/www.messinaoggi.it\/website\/wp-content\/uploads\/2017\/09\/L-genovese-palaculturaRRP_7478-2.jpg","author_info":{"display_name":"Redazione","author_link":"https:\/\/www.messinaoggi.it\/website\/author\/redazione\/"},"digistream_id":0,"digistream":false,"_links":{"self":[{"href":"https:\/\/www.messinaoggi.it\/website\/wp-json\/wp\/v2\/posts\/33959"}],"collection":[{"href":"https:\/\/www.messinaoggi.it\/website\/wp-json\/wp\/v2\/posts"}],"about":[{"href":"https:\/\/www.messinaoggi.it\/website\/wp-json\/wp\/v2\/types\/post"}],"author":[{"embeddable":true,"href":"https:\/\/www.messinaoggi.it\/website\/wp-json\/wp\/v2\/users\/2"}],"replies":[{"embeddable":true,"href":"https:\/\/www.messinaoggi.it\/website\/wp-json\/wp\/v2\/comments?post=33959"}],"version-history":[{"count":0,"href":"https:\/\/www.messinaoggi.it\/website\/wp-json\/wp\/v2\/posts\/33959\/revisions"}],"wp:featuredmedia":[{"embeddable":true,"href":"https:\/\/www.messinaoggi.it\/website\/wp-json\/wp\/v2\/media\/8220"}],"wp:attachment":[{"href":"https:\/\/www.messinaoggi.it\/website\/wp-json\/wp\/v2\/media?parent=33959"}],"wp:term":[{"taxonomy":"category","embeddable":true,"href":"https:\/\/www.messinaoggi.it\/website\/wp-json\/wp\/v2\/categories?post=33959"},{"taxonomy":"post_tag","embeddable":true,"href":"https:\/\/www.messinaoggi.it\/website\/wp-json\/wp\/v2\/tags?post=33959"}],"curies":[{"name":"wp","href":"https:\/\/api.w.org\/{rel}","templated":true}]}}