{"id":3395,"date":"2017-06-23T15:12:14","date_gmt":"2017-06-23T13:12:14","guid":{"rendered":"http:\/\/www.messinaoggi.it\/website\/?p=3395"},"modified":"2017-06-23T15:12:14","modified_gmt":"2017-06-23T13:12:14","slug":"verita-su-rete-ospedali-primario-cascio-assenso-deputati-in-1-ora-scarsa","status":"publish","type":"post","link":"https:\/\/www.messinaoggi.it\/website\/2017\/06\/23\/verita-su-rete-ospedali-primario-cascio-assenso-deputati-in-1-ora-scarsa\/","title":{"rendered":"Verit\u00e0 su Rete ospedali, Primario Cascio: Assenso deputati in 1 ora scarsa"},"content":{"rendered":"<p style=\"text-align: justify\">Adesso, vi raccontiamo la \u201cvera storia\u201d della riorganizzazione della Rete ospedaliera Messinese. In effetti, la citt\u00e0 dello Stretto ha tessuto una storia a parte dal resto dell\u2019Isola visto che il solo nosocomio Papardo sta patendo una riduzione del 20% dei posti letto a fronte di un \u201cmisero\u201d, forse pi\u00f9 corretto e plausibile calo negli altri centri siciliani. A relazionarci la sua versione e di altri colleghi sul riordino degli ospedali \u00e8 il <strong>primario dell\u2019Unit\u00e0 di Otorinolaringoiatria dell\u2019Azienda Papardo, Felice Cascio<\/strong> che rimarca l\u2019esistenza di due documenti sottoscritti tra tutte le Aziende cittadine a maggio e ad ottobre. Documenti che l\u2019<strong>assessore alla Salute Baldo Gucciardi ha ritenuto &#8220;un buon punto di partenza&#8221;, durante il confronto avuto con gli stessi specialisti in sede della Presidenza dell\u2019Assemblea regionale<\/strong>.<div id=\"div-gpt-ad-Messinaoggi.it-DSK-300x250-corpoart\" style=\"text-align:center;margin:0 auto;\"><\/div><\/p>\n<p style=\"text-align: justify\">\u201cLa deputazione dell\u2019Assemblea Regionale Siciliana ha giocato due parti di una commedia &#8211; dice la sintesi firmata dai professori Cascio, V. Adamo, F. Salpietro, dai dottori L. Mondello, F. Mastroieni e G. Mastroieni -, approvando la rimodulazione della Rete ospedaliera in Commissione Sanit\u00e0 in meno di un\u2019ora e mantenendosi zitta su quanto stava per accadere\u201d.<div id=\"videoincontent\" style=\"clear:both\";><\/div><\/p>\n<p>Non era una novit\u00e0 che l\u2019ospedale della zona nord del territorio stesse pagando lo scotto maggiore del nuovo disegno sanitario \u201cin virt\u00f9 della spending review\u201d. Con una nota del 13 aprile il personale medico scrivente \u201caveva richiamato l\u2019attenzione del management aziendale e dei colleghi sul fatto che il Papardo stesse perdendo Strutture Complesse\u201d, fosse stremata dalla \u201ccancellazione dei posti letto, con prevedibili conseguente sulle piante organiche della Dirigenza medica e del Comparto\u201d.<\/p>\n<p style=\"text-align: justify\">\u201cNon avendo avuto riscontri n\u00e9 tantomeno la necessaria sensibilit\u00e0 sul tema &#8211; sostiene il sestetto di specialisti (eppure \u00e8 strano perch\u00e9 quando si tratta di eventuali esuberi e mobilit\u00e0 tutti dovrebbero sentirsi nella stessa barca) \u2013 in collaborazione con altro organico che ha condiviso i nostri timori,\u00a0<strong>a fine maggio \u00e8 stata organizzata un\u2019Assemblea generale aperta a tutti i dipendenti,<\/strong> a cui si \u00e8 registrata una massiccia affluenza e dove \u00e8 stato redatto e sottoscritto successivamente dalla maggioranza delle risorse aziendali\u201d.<\/p>\n<p style=\"text-align: justify\">Pesante anche un&#8217;altra denuncia del gruppo di medici: \u201cDispiace di notare quella minoranza (2-3%) che non ha visto di buon occhio quest\u2019azione e che qualcuno di questa ha rimproverato, redarguito, minacciato alcuni infermieri che avevano aderito all\u2019iniziativa\u201d.<\/p>\n<p style=\"text-align: justify\">A tutto questo, \u00e8 proseguito un silenzio assordante da parte di chi, rappresentanti politici e sindacali, avrebbe potuto interloquire a favore dell\u2019Azienda Papardo con l\u2019Assessorato alla Salute. &#8220;Sulla scia dell\u2019isolamento e del possibile declino che avrebbe potuto subire il nostro nosocomio&#8221;, si \u00e8 stabilito di ripercorrere le fasi che hanno portato al documento formulato otto mesi fa (quasi come una gravidanza a termine) con i quattro Managers delle Aziende Sanitarie e Ospedaliere, anticipando il Piano di Riordino con una distribuzione equa e condivisa dell\u2019offerta assistenziale e nel rispetto della legge Balduzzi.<\/p>\n<p style=\"text-align: justify\">La stessa delegazione di clinici ha confermato lo spirito e il contenuto del precedente documento alla presenza del Rettore dell&#8217;Ateneo peloritano, Pietro Navarra che, forse per la prima volta, ha cercato di diradare le polemiche in questo caos con una sua nota diffusa ieri. <strong>Dopo essersi confrontato con l\u2019esponente della Giunta Crocetta, lo stesso team ha dichiarato che non intendeva affidare deleghe di rappresentanza o intermediazione con l\u2019assessorato o altri organi regionali istituzionali o sigle sindacali o partiti politici<\/strong> ed avrebbe continuato la propria difesa della sanit\u00e0 dell\u2019Azienda e della provincia messinese. Questa posizione ben chiara \u00e8 per evitare protagonismi e richiamare le gestioni al mantenimento delle loro mission peculiari.<\/p>\n<p style=\"text-align: justify\">\u201cL\u2019assetto sanitario della citt\u00e0\u201d dunque \u201csar\u00e0 monitorato\u201d da questo gruppo, senza schierarsi contro qualcuno e \u201cnon entrando nel merito delle qualit\u00e0 di altri ma invitandoli a non esporre inesattezze ed attenersi alle vocazioni per cui nascono\u201d.<\/p>\n","protected":false},"excerpt":{"rendered":"<p>Adesso, vi raccontiamo la \u201cvera storia\u201d della riorganizzazione della Rete ospedaliera Messinese. In effetti, la citt\u00e0 dello Stretto ha tessuto una storia a parte dal resto dell\u2019Isola visto che il solo nosocomio Papardo sta patendo una riduzione del 20% dei posti letto a fronte di un \u201cmisero\u201d, forse pi\u00f9 corretto e plausibile calo negli altri [&hellip;]<\/p>\n","protected":false},"author":7,"featured_media":3396,"comment_status":"closed","ping_status":"open","sticky":false,"template":"","format":"standard","meta":{"ub_ctt_via":"","_mi_skip_tracking":false},"categories":[4],"tags":[],"featured_image_src":"https:\/\/www.messinaoggi.it\/website\/wp-content\/uploads\/2017\/06\/felice-cascio-primario-papardo-messinaoggi-2.jpg","author_info":{"display_name":"Redazione1","author_link":"https:\/\/www.messinaoggi.it\/website\/author\/redazione1\/"},"digistream_id":0,"digistream":false,"_links":{"self":[{"href":"https:\/\/www.messinaoggi.it\/website\/wp-json\/wp\/v2\/posts\/3395"}],"collection":[{"href":"https:\/\/www.messinaoggi.it\/website\/wp-json\/wp\/v2\/posts"}],"about":[{"href":"https:\/\/www.messinaoggi.it\/website\/wp-json\/wp\/v2\/types\/post"}],"author":[{"embeddable":true,"href":"https:\/\/www.messinaoggi.it\/website\/wp-json\/wp\/v2\/users\/7"}],"replies":[{"embeddable":true,"href":"https:\/\/www.messinaoggi.it\/website\/wp-json\/wp\/v2\/comments?post=3395"}],"version-history":[{"count":0,"href":"https:\/\/www.messinaoggi.it\/website\/wp-json\/wp\/v2\/posts\/3395\/revisions"}],"wp:featuredmedia":[{"embeddable":true,"href":"https:\/\/www.messinaoggi.it\/website\/wp-json\/wp\/v2\/media\/3396"}],"wp:attachment":[{"href":"https:\/\/www.messinaoggi.it\/website\/wp-json\/wp\/v2\/media?parent=3395"}],"wp:term":[{"taxonomy":"category","embeddable":true,"href":"https:\/\/www.messinaoggi.it\/website\/wp-json\/wp\/v2\/categories?post=3395"},{"taxonomy":"post_tag","embeddable":true,"href":"https:\/\/www.messinaoggi.it\/website\/wp-json\/wp\/v2\/tags?post=3395"}],"curies":[{"name":"wp","href":"https:\/\/api.w.org\/{rel}","templated":true}]}}