{"id":33876,"date":"2019-06-13T21:38:17","date_gmt":"2019-06-13T19:38:17","guid":{"rendered":"https:\/\/www.messinaoggi.it\/website\/?p=33876"},"modified":"2019-06-13T21:38:17","modified_gmt":"2019-06-13T19:38:17","slug":"s-agata-di-militello-lunedi-la-presentazione-della-variante-progettuale-del-porto","status":"publish","type":"post","link":"https:\/\/www.messinaoggi.it\/website\/2019\/06\/13\/s-agata-di-militello-lunedi-la-presentazione-della-variante-progettuale-del-porto\/","title":{"rendered":"S.Agata di Militello, luned\u00ec la presentazione della variante progettuale del porto"},"content":{"rendered":"<p>Sar\u00e0 presentata ufficialmente luned\u00ec 17 giugno alle\u00a0 18, presso la sala dei principi del castello Gallego, la variante progettuale del porto di Sant&#8217;Agata Militello.<br \/>\nAd illustrare gli aspetti tecnici sar\u00e0 l\u2019arch. Sebastiano Provenzano, progettista della \u201cSympraxis srl\u201d, insieme al Rup, Basilio Ridolfo, all\u2019ing. Concetto Bosco dell\u2019impresa appaltatrice \u201cAmec\u201d, all\u2019ing. Tuccio D\u2019Urso, direttore dei lavori, ed al sindaco.<br \/>\n\u201cE&#8217; un passaggio decisivo per il futuro della nostra citt\u00e0 e del rapporto con il suo porto \u2013 \u00a0commenta il sindaco Bruno Mancuso \u2013. Siamo convinti che il nuovo porto di Sant&#8217;Agata Militello debba essere in primis un nuovo segmento della citt\u00e0 stessa e riuscire a coniugare la vita degli utenti del porto con quella dei cittadini\u201d.<div id=\"div-gpt-ad-Messinaoggi.it-DSK-300x250-corpoart\" style=\"text-align:center;margin:0 auto;\"><\/div><\/p>\n<div id=\"videoincontent\" style=\"clear:both\";><\/div>","protected":false},"excerpt":{"rendered":"<p>Sar\u00e0 presentata ufficialmente luned\u00ec 17 giugno alle\u00a0 18, presso la sala dei principi del castello Gallego, la variante progettuale del porto di Sant&#8217;Agata Militello. Ad illustrare gli aspetti tecnici sar\u00e0 l\u2019arch. Sebastiano Provenzano, progettista della \u201cSympraxis srl\u201d, insieme al Rup, Basilio Ridolfo, all\u2019ing. Concetto Bosco dell\u2019impresa appaltatrice \u201cAmec\u201d, all\u2019ing. Tuccio D\u2019Urso, direttore dei lavori, ed [&hellip;]<\/p>\n","protected":false},"author":4,"featured_media":33877,"comment_status":"closed","ping_status":"open","sticky":false,"template":"","format":"standard","meta":{"ub_ctt_via":"","_mi_skip_tracking":false},"categories":[13,18],"tags":[],"featured_image_src":"https:\/\/www.messinaoggi.it\/website\/wp-content\/uploads\/2019\/06\/porto-e-citta-locandina.j09peg-1.jpg","author_info":{"display_name":"redme","author_link":"https:\/\/www.messinaoggi.it\/website\/author\/redme\/"},"digistream_id":0,"digistream":false,"_links":{"self":[{"href":"https:\/\/www.messinaoggi.it\/website\/wp-json\/wp\/v2\/posts\/33876"}],"collection":[{"href":"https:\/\/www.messinaoggi.it\/website\/wp-json\/wp\/v2\/posts"}],"about":[{"href":"https:\/\/www.messinaoggi.it\/website\/wp-json\/wp\/v2\/types\/post"}],"author":[{"embeddable":true,"href":"https:\/\/www.messinaoggi.it\/website\/wp-json\/wp\/v2\/users\/4"}],"replies":[{"embeddable":true,"href":"https:\/\/www.messinaoggi.it\/website\/wp-json\/wp\/v2\/comments?post=33876"}],"version-history":[{"count":0,"href":"https:\/\/www.messinaoggi.it\/website\/wp-json\/wp\/v2\/posts\/33876\/revisions"}],"wp:featuredmedia":[{"embeddable":true,"href":"https:\/\/www.messinaoggi.it\/website\/wp-json\/wp\/v2\/media\/33877"}],"wp:attachment":[{"href":"https:\/\/www.messinaoggi.it\/website\/wp-json\/wp\/v2\/media?parent=33876"}],"wp:term":[{"taxonomy":"category","embeddable":true,"href":"https:\/\/www.messinaoggi.it\/website\/wp-json\/wp\/v2\/categories?post=33876"},{"taxonomy":"post_tag","embeddable":true,"href":"https:\/\/www.messinaoggi.it\/website\/wp-json\/wp\/v2\/tags?post=33876"}],"curies":[{"name":"wp","href":"https:\/\/api.w.org\/{rel}","templated":true}]}}