{"id":33863,"date":"2019-06-13T13:25:19","date_gmt":"2019-06-13T11:25:19","guid":{"rendered":"https:\/\/www.messinaoggi.it\/website\/?p=33863"},"modified":"2019-06-13T13:25:19","modified_gmt":"2019-06-13T11:25:19","slug":"fiera-ce-il-bando-per-la-gestione-dellarea-in-agosto","status":"publish","type":"post","link":"https:\/\/www.messinaoggi.it\/website\/2019\/06\/13\/fiera-ce-il-bando-per-la-gestione-dellarea-in-agosto\/","title":{"rendered":"Fiera, c&#039;\u00e8 il bando per la gestione dell&#039;area in agosto"},"content":{"rendered":"<p style=\"text-align: justify;\">L&#8217;Autorit\u00e0 Portuale ha pubblicato il bando per la Fiera d&#8217;agosto. Dopo sei anni il bando viene pubblicato per tempo e ci\u00f2 consentir\u00e0 ad una pletora di concorrenti di partecipare alla manifestazione d&#8217;interesse. Ne guadagner\u00e0 certamente la qualit\u00e0 dell&#8217;offerta, dal momento che negli ultimi sei anni si \u00e8 registrata l&#8217;esclusiva partecipazione di un solo concorrente che ha offerto un prodotto nemmeno lontanamente in linea con la storia della Campionaria d&#8217;agosto<div id=\"div-gpt-ad-Messinaoggi.it-DSK-300x250-corpoart\" style=\"text-align:center;margin:0 auto;\"><\/div><\/p>\n<p style=\"text-align: justify;\">&#8220;Con la finalit\u00e0 di assicurare ai messinesi e ai turisti presenti a Messina nel periodo estivo la possibilit\u00e0 di utilizzare le aree del quartiere fieristico, nonostante i lavori di ristrutturazione che limitano le superfici disponibili, l\u2019Autorit\u00e0 Portuale di Messina ha pubblicato sul proprio sito internet alla pagina <a href=\"http:\/\/www.porto.messina.it\/albopretorio\/albo\/2019\/06\/12\/148-ae1d4c53d02593abe21127d4fb7f910c-256\/\">http:\/\/www.porto.messina.it\/albopretorio\/albo\/2019\/06\/12\/148-ae1d4c53d02593abe21127d4fb7f910c-256\/<\/a> un avviso esplorativo per la manifestazione di interesse alla concessione demaniale marittima di una porzione di area scoperta dell\u2019ex fiera. La concessione avr\u00e0 la durata di trenta giorni dal 2 al 31 agosto 2019. La documentazione richiesta dovr\u00e0 pervenire entro e non oltre le ore 12,00 di giorno 8 luglio.&#8221;<div id=\"videoincontent\" style=\"clear:both\";><\/div><\/p>\n<p style=\"text-align: justify;\">Lo ha reso noto l&#8217;Autorit\u00e0 Portuale di Messina.<\/p>\n","protected":false},"excerpt":{"rendered":"<p>L&#8217;Autorit\u00e0 Portuale ha pubblicato il bando per la Fiera d&#8217;agosto. Dopo sei anni il bando viene pubblicato per tempo e ci\u00f2 consentir\u00e0 ad una pletora di concorrenti di partecipare alla manifestazione d&#8217;interesse. Ne guadagner\u00e0 certamente la qualit\u00e0 dell&#8217;offerta, dal momento che negli ultimi sei anni si \u00e8 registrata l&#8217;esclusiva partecipazione di un solo concorrente che [&hellip;]<\/p>\n","protected":false},"author":2,"featured_media":2467,"comment_status":"closed","ping_status":"open","sticky":false,"template":"","format":"standard","meta":{"ub_ctt_via":"","_mi_skip_tracking":false},"categories":[5],"tags":[],"featured_image_src":"https:\/\/www.messinaoggi.it\/website\/wp-content\/uploads\/2017\/06\/fiera-messina_3056-2.jpg","author_info":{"display_name":"Redazione","author_link":"https:\/\/www.messinaoggi.it\/website\/author\/redazione\/"},"digistream_id":0,"digistream":false,"_links":{"self":[{"href":"https:\/\/www.messinaoggi.it\/website\/wp-json\/wp\/v2\/posts\/33863"}],"collection":[{"href":"https:\/\/www.messinaoggi.it\/website\/wp-json\/wp\/v2\/posts"}],"about":[{"href":"https:\/\/www.messinaoggi.it\/website\/wp-json\/wp\/v2\/types\/post"}],"author":[{"embeddable":true,"href":"https:\/\/www.messinaoggi.it\/website\/wp-json\/wp\/v2\/users\/2"}],"replies":[{"embeddable":true,"href":"https:\/\/www.messinaoggi.it\/website\/wp-json\/wp\/v2\/comments?post=33863"}],"version-history":[{"count":0,"href":"https:\/\/www.messinaoggi.it\/website\/wp-json\/wp\/v2\/posts\/33863\/revisions"}],"wp:featuredmedia":[{"embeddable":true,"href":"https:\/\/www.messinaoggi.it\/website\/wp-json\/wp\/v2\/media\/2467"}],"wp:attachment":[{"href":"https:\/\/www.messinaoggi.it\/website\/wp-json\/wp\/v2\/media?parent=33863"}],"wp:term":[{"taxonomy":"category","embeddable":true,"href":"https:\/\/www.messinaoggi.it\/website\/wp-json\/wp\/v2\/categories?post=33863"},{"taxonomy":"post_tag","embeddable":true,"href":"https:\/\/www.messinaoggi.it\/website\/wp-json\/wp\/v2\/tags?post=33863"}],"curies":[{"name":"wp","href":"https:\/\/api.w.org\/{rel}","templated":true}]}}