{"id":33857,"date":"2019-06-13T11:59:20","date_gmt":"2019-06-13T09:59:20","guid":{"rendered":"https:\/\/www.messinaoggi.it\/website\/?p=33857"},"modified":"2019-06-13T11:59:20","modified_gmt":"2019-06-13T09:59:20","slug":"ars-approvata-legge-su-cultura-della-pace-calderone-segnale-chiaro","status":"publish","type":"post","link":"https:\/\/www.messinaoggi.it\/website\/2019\/06\/13\/ars-approvata-legge-su-cultura-della-pace-calderone-segnale-chiaro\/","title":{"rendered":"Ars, approvata legge su cultura della Pace. Calderone: &quot;Segnale chiaro&quot;"},"content":{"rendered":"<p class=\"p1\"><span class=\"s1\">\u201cIn Aula \u00e8 appena stata approvata la legge sulla cultura della pace, alla quale noi, come Gruppo di Forza Italia, abbiamo chiesto di estendere anche la lotta al razzismo. Il testo approvato quindi contempla disposizioni a tutela e salvaguardia della pace e contro ogni forma di razzismo sociale. Dal pi\u00f9 antico Parlamento del mondo con in cima il Presidente Miccich\u00e9, arriva un segnale chiaro e incontrovertibile: l\u2019odio e gli estremismi non ci appartengono e vogliamo contrastarli garantendo il pieno rispetto di ciascuno\u201d. A riferirlo \u00e8 il deputato di Forza Italia all\u2019Assemblea Regionale Siciliana, on. Tommaso Calderone, a seguito del buon esito della votazione.<\/span><div id=\"div-gpt-ad-Messinaoggi.it-DSK-300x250-corpoart\" style=\"text-align:center;margin:0 auto;\"><\/div><\/p>\n<p class=\"p1\"><span class=\"s1\">\u201cLa Sicilia \u2013 conclude il Parlamentare \u2013 ancora una volta ha dimostrato un innato senso di responsabilit\u00e0 civile e sociale. Il mio auspicio \u00e8 che la disposizione normativa appena approvata venga presa a modello anche in altri territori, perch\u00e9 in una societ\u00e0 in cui bisogna sempre trovare un capro espiatorio o un nemico da combattere, il messaggio distensivo che vogliamo lanciare invita al dialogo piuttosto che allo scontro; di certo pu\u00f2 solo apportare benefici\u201d.<\/span><div id=\"videoincontent\" style=\"clear:both\";><\/div><\/p>\n","protected":false},"excerpt":{"rendered":"<p>\u201cIn Aula \u00e8 appena stata approvata la legge sulla cultura della pace, alla quale noi, come Gruppo di Forza Italia, abbiamo chiesto di estendere anche la lotta al razzismo. Il testo approvato quindi contempla disposizioni a tutela e salvaguardia della pace e contro ogni forma di razzismo sociale. Dal pi\u00f9 antico Parlamento del mondo con [&hellip;]<\/p>\n","protected":false},"author":2,"featured_media":33153,"comment_status":"closed","ping_status":"open","sticky":false,"template":"","format":"standard","meta":{"ub_ctt_via":"","_mi_skip_tracking":false},"categories":[4],"tags":[],"featured_image_src":"https:\/\/www.messinaoggi.it\/website\/wp-content\/uploads\/2019\/05\/Tommaso-Calderone.jpg","author_info":{"display_name":"Redazione","author_link":"https:\/\/www.messinaoggi.it\/website\/author\/redazione\/"},"digistream_id":0,"digistream":false,"_links":{"self":[{"href":"https:\/\/www.messinaoggi.it\/website\/wp-json\/wp\/v2\/posts\/33857"}],"collection":[{"href":"https:\/\/www.messinaoggi.it\/website\/wp-json\/wp\/v2\/posts"}],"about":[{"href":"https:\/\/www.messinaoggi.it\/website\/wp-json\/wp\/v2\/types\/post"}],"author":[{"embeddable":true,"href":"https:\/\/www.messinaoggi.it\/website\/wp-json\/wp\/v2\/users\/2"}],"replies":[{"embeddable":true,"href":"https:\/\/www.messinaoggi.it\/website\/wp-json\/wp\/v2\/comments?post=33857"}],"version-history":[{"count":0,"href":"https:\/\/www.messinaoggi.it\/website\/wp-json\/wp\/v2\/posts\/33857\/revisions"}],"wp:featuredmedia":[{"embeddable":true,"href":"https:\/\/www.messinaoggi.it\/website\/wp-json\/wp\/v2\/media\/33153"}],"wp:attachment":[{"href":"https:\/\/www.messinaoggi.it\/website\/wp-json\/wp\/v2\/media?parent=33857"}],"wp:term":[{"taxonomy":"category","embeddable":true,"href":"https:\/\/www.messinaoggi.it\/website\/wp-json\/wp\/v2\/categories?post=33857"},{"taxonomy":"post_tag","embeddable":true,"href":"https:\/\/www.messinaoggi.it\/website\/wp-json\/wp\/v2\/tags?post=33857"}],"curies":[{"name":"wp","href":"https:\/\/api.w.org\/{rel}","templated":true}]}}