{"id":33837,"date":"2019-06-12T17:42:54","date_gmt":"2019-06-12T15:42:54","guid":{"rendered":"https:\/\/www.messinaoggi.it\/website\/?p=33837"},"modified":"2019-06-12T17:42:54","modified_gmt":"2019-06-12T15:42:54","slug":"the-elevator-del-regista-siciliano-massimo-coglitore-sbarca-nei-cinema","status":"publish","type":"post","link":"https:\/\/www.messinaoggi.it\/website\/2019\/06\/12\/the-elevator-del-regista-siciliano-massimo-coglitore-sbarca-nei-cinema\/","title":{"rendered":"The Elevator, del regista siciliano Massimo Coglitore, sbarca nei cinema"},"content":{"rendered":"<p>Il thriller &#8220;The Elevator&#8221; del regista siciliano Massimo Coglitore, prodotto da Lupin Film di Riccardo Neri, che vanta un cast internazionale tra cui Caroline Goodall, James Parks e Burt Young, \u00e8 pronto per fare il suo debutto \u00a0al cinema, a partire \u00a0dal 20 giugno.<br \/>\nMercoled\u00ec \u00a019 giugno, alle ore \u00a010.00, infatti, presso \u00a0la sala <em>Fellini <\/em>del Residence CineApollo di Messina, avr\u00e0 luogo la conferenza \u00a0stampa di presentazione. La pellicola sar\u00e0, inoltre presentata gioved\u00ec 20, alla Multisala Apollo di Messina, poco prima della proiezione alle ore 18.00 e alle ore 20.00. Coglitore ha gi\u00e0 dato ampiamente prova del suo talento cinematografico \u00a0con i cortometraggi &#8220;Uomo di carta&#8221; e &#8220;Deadline&#8221; (64 premi tra festival nazionali e internazionali) nei quali spiccano il senso del ritmo, la passione per il mistero, la capacit\u00e0 di raccontare l&#8217;orrore del vivere e le sue sfumature pi\u00f9 inquietanti.<br \/>\n<img loading=\"lazy\" class=\"alignnone size-medium wp-image-33839\" src=\"https:\/\/www.messinaoggi.it\/website\/wp-content\/uploads\/2019\/06\/Caroline-Goodall-20196712-300x225.jpg\" alt=\"\" width=\"300\" height=\"225\" \/><br \/>\n\u201cThe Elevator\u201d, il primo lungometraggio del regista messinese, \u00e8 un thriller psicologico, girato in lingua inglese, e ispirato a una storia vera, ambientato a New York ma realizzato quasi interamente negli studi di Cinecitt\u00e0.<br \/>\n\u201cThe Elevator\u201d \u2013 scritto da Riccardo Irrera e Mauro Graiani, di recente tra gli sceneggiatori di \u201cCopperman\u201d \u2013 \u00e8 la storia di Jack Tramell, impersonato da James Parks (attore in \u201cKill Bill\u201d, \u201cThe Hateful Eight\u201d, \u201cThe Listening\u201d, \u201cGrindhouse\u201d), un presentatore che conduce un popolarissimo quiz televisivo negli Stati Uniti. La sera del <em>Labour Day<\/em>, lungo weekend in cui la citt\u00e0 si svuota, Jack viene bloccato in ascensore dalla misteriosa Katherine, sullo schermo Caroline Goodall (interprete nei film \u201cSchindler&#8217;s List\u201d, \u201cHook\u201d, \u201cL\u2019Albatross\u201d, \u201cRivelazioni\u201d, \u201cDorian Gray\u201d), che inizia un suo sadico quiz. Di quali colpe \u00e8 accusato Jack? Lo scopriremo nella battaglia che dovr\u00e0 affrontare con la donna, che invoca vendetta. Il thriller racconta in tempo reale, in 89 minuti, le inquietudini dei due personaggi, alle prese con i propri segreti, in uno spazio claustrofobico. Il set principale \u00e8 l\u2019ascensore di un <em>building<\/em> newyorkese, quasi un luogo di espiazione delle colpe. Nel cast Burt Young (George), nomination agli Oscar per il personaggio di Paulie in \u201cRocky\u201d e visto anche in \u201cC\u2019era una volta in America\u201d.<br \/>\n<img loading=\"lazy\" class=\"alignnone size-medium wp-image-33840\" src=\"https:\/\/www.messinaoggi.it\/website\/wp-content\/uploads\/2019\/06\/Massimo-Coglitore-20196713-300x225.jpg\" alt=\"\" width=\"300\" height=\"225\" \/><br \/>\nQueste le premesse di un film che sapr\u00e0 tenere lo spettatore sempre con il fiato sospeso.<br \/>\n <br \/>\n <div id=\"div-gpt-ad-Messinaoggi.it-DSK-300x250-corpoart\" style=\"text-align:center;margin:0 auto;\"><\/div><\/p>\n<div id=\"videoincontent\" style=\"clear:both\";><\/div>","protected":false},"excerpt":{"rendered":"<p>Il thriller &#8220;The Elevator&#8221; del regista siciliano Massimo Coglitore, prodotto da Lupin Film di Riccardo Neri, che vanta un cast internazionale tra cui Caroline Goodall, James Parks e Burt Young, \u00e8 pronto per fare il suo debutto \u00a0al cinema, a partire \u00a0dal 20 giugno. Mercoled\u00ec \u00a019 giugno, alle ore \u00a010.00, infatti, presso \u00a0la sala Fellini [&hellip;]<\/p>\n","protected":false},"author":5,"featured_media":33838,"comment_status":"closed","ping_status":"open","sticky":false,"template":"","format":"standard","meta":{"ub_ctt_via":"","_mi_skip_tracking":false},"categories":[17],"tags":[],"featured_image_src":"https:\/\/www.messinaoggi.it\/website\/wp-content\/uploads\/2019\/06\/The-Elevator-dal-20-giugno-2019.jpg","author_info":{"display_name":"Maria Antonella Saia","author_link":"https:\/\/www.messinaoggi.it\/website\/author\/m-saia\/"},"digistream_id":0,"digistream":false,"_links":{"self":[{"href":"https:\/\/www.messinaoggi.it\/website\/wp-json\/wp\/v2\/posts\/33837"}],"collection":[{"href":"https:\/\/www.messinaoggi.it\/website\/wp-json\/wp\/v2\/posts"}],"about":[{"href":"https:\/\/www.messinaoggi.it\/website\/wp-json\/wp\/v2\/types\/post"}],"author":[{"embeddable":true,"href":"https:\/\/www.messinaoggi.it\/website\/wp-json\/wp\/v2\/users\/5"}],"replies":[{"embeddable":true,"href":"https:\/\/www.messinaoggi.it\/website\/wp-json\/wp\/v2\/comments?post=33837"}],"version-history":[{"count":0,"href":"https:\/\/www.messinaoggi.it\/website\/wp-json\/wp\/v2\/posts\/33837\/revisions"}],"wp:featuredmedia":[{"embeddable":true,"href":"https:\/\/www.messinaoggi.it\/website\/wp-json\/wp\/v2\/media\/33838"}],"wp:attachment":[{"href":"https:\/\/www.messinaoggi.it\/website\/wp-json\/wp\/v2\/media?parent=33837"}],"wp:term":[{"taxonomy":"category","embeddable":true,"href":"https:\/\/www.messinaoggi.it\/website\/wp-json\/wp\/v2\/categories?post=33837"},{"taxonomy":"post_tag","embeddable":true,"href":"https:\/\/www.messinaoggi.it\/website\/wp-json\/wp\/v2\/tags?post=33837"}],"curies":[{"name":"wp","href":"https:\/\/api.w.org\/{rel}","templated":true}]}}