{"id":33828,"date":"2019-06-12T15:07:28","date_gmt":"2019-06-12T13:07:28","guid":{"rendered":"https:\/\/www.messinaoggi.it\/website\/?p=33828"},"modified":"2019-06-12T15:07:28","modified_gmt":"2019-06-12T13:07:28","slug":"cerreti-scrive-a-de-luca-a-proposito-della-cultura-messinese","status":"publish","type":"post","link":"https:\/\/www.messinaoggi.it\/website\/2019\/06\/12\/cerreti-scrive-a-de-luca-a-proposito-della-cultura-messinese\/","title":{"rendered":"Cerreti scrive a De Luca a proposito della cultura messinese"},"content":{"rendered":"<p style=\"text-align: justify;\">Roberto Cerreti, Capogruppo di Mli, scrive una lettera aperta al sindaco Cateno De Luca a proposito della gestione della cultura a Messina. Ecco il testo integrale della missiva.<div id=\"div-gpt-ad-Messinaoggi.it-DSK-300x250-corpoart\" style=\"text-align:center;margin:0 auto;\"><\/div><\/p>\n<p style=\"text-align: justify;\"><em>Caro Sindaco,<\/em><div id=\"videoincontent\" style=\"clear:both\";><\/div><\/p>\n<p style=\"text-align: justify;\"><em>la nostra comunit\u00e0, nonostante la sua storia sia stata contrassegnata da eventi e calamit\u00e0 naturali devastanti e di portata eccezionale, quali terremoti, maremoti, alluvioni e depredamenti da parte dei diversi invasori, ha cercato di mantenere una propria identit\u00e0 e cultura, ed amareggia particolarmente assistere oggi alla totale mancanza di <u>una programmazione sinergica tra i vari Enti per promuovere e valorizzare l\u2019inestimabile patrimonio culturale risparmiato dal tempo e dall\u2019uomo<\/u>.<\/em><\/p>\n<p style=\"text-align: justify;\"><em>Non si pu\u00f2 continuare a pensare a livello comunale al \u201cprogetto cultura\u201d con approssimazione ed improvvisazione, ma bisogna necessariamente provvedere ad effettuare un analisi dell\u2019attuale situazione di mancata valorizzazione del patrimonio artistico e culturale presente nella citt\u00e0 di Messina, nelle diverse componenti sociali ed amministrative.<\/em><\/p>\n<p style=\"text-align: justify;\"><em>Non occorre essere dei geni o preparati a livello del critico d\u2019arte \u201cSgarbi\u201d per cogliere la presenza nel patrimonio dei vari Enti di opere d\u2019arte d\u2019importanza internazionale, partendo da quelle pi\u00f9 importanti contenute nel Museo Regionale di Messina, dove vi sono il Polittico di San Gregorio ed una tavoletta bifronte di <a href=\"http:\/\/it.wikipedia.org\/wiki\/Antonello_da_Messina\">Antonello da Messina<\/a> e due tele di Michelangelo Merisi detto il <a href=\"http:\/\/it.wikipedia.org\/wiki\/Michelangelo_Merisi_da_Caravaggio\">Caravaggio<\/a>, la <a href=\"http:\/\/it.wikipedia.org\/wiki\/Resurrezione_di_Lazzaro_(Caravaggio)\">Resurrezione di Lazzaro<\/a> e l&#8217;Adorazione dei Pastori.<\/em><\/p>\n<p style=\"text-align: justify;\"><em>O ancora l\u2019amarezza nel cogliere che poco conosciute e mal pubblicizzate nella Galleria provinciale d&#8217;arte moderna e contemporanea della Citt\u00e0 Metropolitana di Messina sono esposte opere di noti artisti come <a href=\"http:\/\/it.wikipedia.org\/wiki\/Renato_Guttuso\">Renato Guttuso<\/a>, <a href=\"http:\/\/it.wikipedia.org\/wiki\/Giuseppe_Migneco\">Giuseppe Migneco<\/a>, <a href=\"http:\/\/it.wikipedia.org\/wiki\/Felice_Casorati\">Felice Casorati<\/a>, <a href=\"http:\/\/it.wikipedia.org\/wiki\/Lucio_Fontana\">Lucio Fontana<\/a>, <a href=\"http:\/\/it.wikipedia.org\/wiki\/Gi%C3%B2_Pomodoro\">Gi\u00f2 Pomodoro<\/a>, Liberman, <a href=\"http:\/\/it.wikipedia.org\/wiki\/Franco_Angeli_(pittura)\">Franco Angeli<\/a>, <a href=\"http:\/\/it.wikipedia.org\/wiki\/Agostino_Bonalumi\">Agostino Bonalumi<\/a>, <a href=\"http:\/\/it.wikipedia.org\/wiki\/Mimmo_Rotella\">Mimmo Rotella<\/a>, <a href=\"http:\/\/it.wikipedia.org\/wiki\/Corrado_Cagli\">Corrado Cagli<\/a>, <a href=\"http:\/\/it.wikipedia.org\/wiki\/Giuseppe_Santomaso\">Giuseppe Santomaso<\/a>, <a href=\"http:\/\/it.wikipedia.org\/wiki\/Toti_Scialoja\">Toti Scialoja<\/a>, Hodkin, <a href=\"http:\/\/it.wikipedia.org\/wiki\/Mario_Mafai\">Mario Mafai<\/a>, <a href=\"http:\/\/it.wikipedia.org\/wiki\/Alighiero_Boetti\">Alighiero Boetti<\/a>, senza considerare l\u2019importantissima presenza dell\u2019Archivio <a href=\"http:\/\/it.wikipedia.org\/wiki\/Salvatore_Quasimodo\">Salvatore Quasimodo<\/a>.<\/em><\/p>\n<p style=\"text-align: justify;\"><em><strong><u>Capir\u00e0 bene, che un Amministrazione che non conosce i beni di propriet\u00e0 del proprio Ente, non conosce se stessa e la Citt\u00e0 che vuole governare.<\/u><\/strong><\/em><\/p>\n<p style=\"text-align: justify;\"><em>E quindi, come non pensare al lustro che contraddistinse Messina tra le principali citt\u00e0 d\u2019Italia negli ambiti dell\u2019argenteria e dell\u2019oreficeria, come si evince soprattutto nella Mostra dei tesori della Cappella Palatina in San Giovanni di Malta dove sono custodite numerose opere di arte sacra.<\/em><\/p>\n<p style=\"text-align: justify;\"><em>Ed ancora signor Sindaco, il <a href=\"http:\/\/it.wikipedia.org\/wiki\/Duomo_di_Messina#Tesoro_del_Duomo\">Tesoro del Duomo di Messina<\/a>, dove sono custoditi ed esposti preziosi oggetti di culto appartenuti alla Cattedrale sin dal Medioevo, con il pezzo pi\u00f9 prezioso del Tesoro rappresentato dalla &#8220;Manta d&#8217;oro&#8221;, preziosissimo rivestimento del quadro della Madonna della Lettera nelle grandi feste, tutta d&#8217;oro finemente cesellato dall&#8217;orafo fiorentino <a href=\"http:\/\/it.wikipedia.org\/w\/index.php?title=Innocenzo_Mangani&amp;action=edit&amp;redlink=1\">Innocenzo Mangani<\/a>, che la esegu\u00ec nel <a href=\"http:\/\/it.wikipedia.org\/wiki\/1668\">1668<\/a>.<\/em><\/p>\n<p style=\"text-align: justify;\"><em>Ed infine, giusto nel nostro Municipio, nei locali del Palazzo comunale di Messina si trovano opere artistiche importantissime come quella del Migneco nella Sala Consiliare, ma questo sicuramente lo sapr\u00e0.<\/em><\/p>\n<p style=\"text-align: justify;\"><em>Purtroppo caro Cateno, Messina risulta una delle pochissime citt\u00e0 italiane a non aver ipotizzato percorsi culturali ed artistici integrati tra i vari Enti locali, Universit\u00e0 e la Curia, ed a non avere una programmazione concreta in materia, se non limitatamente ad eventi occasionali e di scarso respiro.<\/em><\/p>\n<p style=\"text-align: justify;\"><em>Con la presente, auspichiamo che Lei possa intervenire, in prima persona e senza delegati pi\u00f9 o meno qualificati, in maniera decisa e concreta in questo importante e delicato settore della vita pubblica, mettendo da parte ogni polemica o ritrosia nell\u2019interesse della storia identitaria della nostra Citt\u00e0, per tentare di realizzare le giuste interazioni con i rappresentanti della Regione Siciliana, della Citt\u00e0 Metropolitana, oltre che quelli dell\u2019Universit\u00e0 degli Studi e della Curia messinese, finalizzata alla valorizzazione del patrimonio artistico e culturale di Messina e della sua Provincia, che si concretizzi nella realizzazione della <strong>\u201cStrada della Messinesit\u00e0\u201d<\/strong>, percorso condiviso e guidato rivolto ai turisti e soprattutto agli studenti messinesi per la conoscenza della nostra storia e di tutti i beni di rilevanza artistica di tutte le Istituzioni amministrative e sociali che insistono nel territorio messinese.<\/em><\/p>\n<p style=\"text-align: justify;\"><em>\u201cRiscoprire le proprie origini, valorizzare il patrimonio artistico e le Istituzioni locali, potenziando turismo ed identit\u00e0 sociale, vuol dire fare Cultura con la \u201cC\u201d maiuscola in una grande Citt\u00e0, tutto il resto serve solo per mettere in festa rioni e piazze per qualche ora ed a fare felice qualche associazione culturale o qualche amico per qualche giornata!\u201d<\/em><\/p>\n<p style=\"text-align: right;\"><strong>Roberto Cerreti (Capo gruppo Mli)<\/strong><\/p>\n","protected":false},"excerpt":{"rendered":"<p>Roberto Cerreti, Capogruppo di Mli, scrive una lettera aperta al sindaco Cateno De Luca a proposito della gestione della cultura a Messina. Ecco il testo integrale della missiva. Caro Sindaco, la nostra comunit\u00e0, nonostante la sua storia sia stata contrassegnata da eventi e calamit\u00e0 naturali devastanti e di portata eccezionale, quali terremoti, maremoti, alluvioni e [&hellip;]<\/p>\n","protected":false},"author":2,"featured_media":33170,"comment_status":"closed","ping_status":"open","sticky":false,"template":"","format":"standard","meta":{"ub_ctt_via":"","_mi_skip_tracking":false},"categories":[4],"tags":[],"featured_image_src":"https:\/\/www.messinaoggi.it\/website\/wp-content\/uploads\/2019\/05\/Cerreti-in-Amam.jpg","author_info":{"display_name":"Redazione","author_link":"https:\/\/www.messinaoggi.it\/website\/author\/redazione\/"},"digistream_id":0,"digistream":false,"_links":{"self":[{"href":"https:\/\/www.messinaoggi.it\/website\/wp-json\/wp\/v2\/posts\/33828"}],"collection":[{"href":"https:\/\/www.messinaoggi.it\/website\/wp-json\/wp\/v2\/posts"}],"about":[{"href":"https:\/\/www.messinaoggi.it\/website\/wp-json\/wp\/v2\/types\/post"}],"author":[{"embeddable":true,"href":"https:\/\/www.messinaoggi.it\/website\/wp-json\/wp\/v2\/users\/2"}],"replies":[{"embeddable":true,"href":"https:\/\/www.messinaoggi.it\/website\/wp-json\/wp\/v2\/comments?post=33828"}],"version-history":[{"count":0,"href":"https:\/\/www.messinaoggi.it\/website\/wp-json\/wp\/v2\/posts\/33828\/revisions"}],"wp:featuredmedia":[{"embeddable":true,"href":"https:\/\/www.messinaoggi.it\/website\/wp-json\/wp\/v2\/media\/33170"}],"wp:attachment":[{"href":"https:\/\/www.messinaoggi.it\/website\/wp-json\/wp\/v2\/media?parent=33828"}],"wp:term":[{"taxonomy":"category","embeddable":true,"href":"https:\/\/www.messinaoggi.it\/website\/wp-json\/wp\/v2\/categories?post=33828"},{"taxonomy":"post_tag","embeddable":true,"href":"https:\/\/www.messinaoggi.it\/website\/wp-json\/wp\/v2\/tags?post=33828"}],"curies":[{"name":"wp","href":"https:\/\/api.w.org\/{rel}","templated":true}]}}