{"id":33772,"date":"2019-06-11T11:43:06","date_gmt":"2019-06-11T09:43:06","guid":{"rendered":"https:\/\/www.messinaoggi.it\/website\/?p=33772"},"modified":"2019-06-11T11:43:06","modified_gmt":"2019-06-11T09:43:06","slug":"leggere-il-presente-domani-incontro-con-affinati-al-rettorato","status":"publish","type":"post","link":"https:\/\/www.messinaoggi.it\/website\/2019\/06\/11\/leggere-il-presente-domani-incontro-con-affinati-al-rettorato\/","title":{"rendered":"&quot;Leggere il presente&quot;, domani incontro con Affinati al Rettorato"},"content":{"rendered":"<p>Lo scrittore e insegnante di letteratura Eraldo Affinati sar\u00e0 ospite dell&#8217;Universit\u00e0 di Messina, e in particolare alle 17 di domani racconter\u00e0 presso l&#8217;Aula Magna del Rettorato il suo romanzo \u201cTutti i nomi del mondo\u201d, un racconto intriso di realismo, sofferenza, storie di vita, speranza e volont\u00e0 di riscatto dei vari personaggi (26 nomi).<span class=\"apple-converted-space\">\u00a0<\/span>Si tratta di individui provenienti da ogni parte del mondo e la maggior parte di loro sono studenti, transitati nel corso degli anni dalla\u201d Penny Wirton\u201d (una scuola gratuita di italiano per immigrati che l\u2019autore ha fondato assieme alla moglie), che Affinati descrive durante un raduno simbolico sul colle Oppio, a Roma. Durante l&#8217;incontro, organizzato nell&#8217;ambito della rassegna &#8220;Leggere il Presente&#8221; in collaborazione con Taobuk, la giornalista Patrizia Danz\u00e8 dialogher\u00e0 con l&#8217;autore del libro.<br \/>\nAffinati ha esordito con \u201cVeglia d\u2019armi. L\u2019uomo di Tolstoj\u201d(Marietti 1992, Mondadori 1998), un breviario interiore ispirato all\u2019opera del grande scrittore russo. Il suo primo romanzo, d\u2019impronta autobiografica, s\u2019intitola \u201cSoldati del 1956\u2033(Marco Nardi 1993, Mondadori 1997). Lo scrittore romano \u00e8 stato, anche, finalista nel Premio Strega e nel Premio Campiello, con il libro \u201cCampo del Sangue\u201d,(Mondadori 1997), dove i ricordi della madre si complicano lungo il percorso di un viaggio, attraverso filosofia e letteratura, che, partendo da Venezia, conduce il lettore direttamente alle porte del campo di sterminio di Auschwitz. Quest\u2019anno \u00e8 stato pubblicato l\u2019ultimo libro di Affinati, ovvero, \u201cVia dalla pazza classe. Educare per vivere\u201d, edito Mondadori.<div id=\"div-gpt-ad-Messinaoggi.it-DSK-300x250-corpoart\" style=\"text-align:center;margin:0 auto;\"><\/div><\/p>\n<p style=\"margin: 0cm;margin-bottom: .0001pt;text-align: justify\"><span style=\"font-family: 'Arial',sans-serif\">\u00a0<\/span><div id=\"videoincontent\" style=\"clear:both\";><\/div><\/p>\n","protected":false},"excerpt":{"rendered":"<p>Lo scrittore e insegnante di letteratura Eraldo Affinati sar\u00e0 ospite dell&#8217;Universit\u00e0 di Messina, e in particolare alle 17 di domani racconter\u00e0 presso l&#8217;Aula Magna del Rettorato il suo romanzo \u201cTutti i nomi del mondo\u201d, un racconto intriso di realismo, sofferenza, storie di vita, speranza e volont\u00e0 di riscatto dei vari personaggi (26 nomi).\u00a0Si tratta di [&hellip;]<\/p>\n","protected":false},"author":8,"featured_media":33773,"comment_status":"closed","ping_status":"open","sticky":false,"template":"","format":"standard","meta":{"ub_ctt_via":"","_mi_skip_tracking":false},"categories":[7],"tags":[],"featured_image_src":"https:\/\/www.messinaoggi.it\/website\/wp-content\/uploads\/2019\/06\/Eraldo_Affinati.jpg","author_info":{"display_name":"red..me","author_link":"https:\/\/www.messinaoggi.it\/website\/author\/redstage\/"},"digistream_id":0,"digistream":false,"_links":{"self":[{"href":"https:\/\/www.messinaoggi.it\/website\/wp-json\/wp\/v2\/posts\/33772"}],"collection":[{"href":"https:\/\/www.messinaoggi.it\/website\/wp-json\/wp\/v2\/posts"}],"about":[{"href":"https:\/\/www.messinaoggi.it\/website\/wp-json\/wp\/v2\/types\/post"}],"author":[{"embeddable":true,"href":"https:\/\/www.messinaoggi.it\/website\/wp-json\/wp\/v2\/users\/8"}],"replies":[{"embeddable":true,"href":"https:\/\/www.messinaoggi.it\/website\/wp-json\/wp\/v2\/comments?post=33772"}],"version-history":[{"count":0,"href":"https:\/\/www.messinaoggi.it\/website\/wp-json\/wp\/v2\/posts\/33772\/revisions"}],"wp:featuredmedia":[{"embeddable":true,"href":"https:\/\/www.messinaoggi.it\/website\/wp-json\/wp\/v2\/media\/33773"}],"wp:attachment":[{"href":"https:\/\/www.messinaoggi.it\/website\/wp-json\/wp\/v2\/media?parent=33772"}],"wp:term":[{"taxonomy":"category","embeddable":true,"href":"https:\/\/www.messinaoggi.it\/website\/wp-json\/wp\/v2\/categories?post=33772"},{"taxonomy":"post_tag","embeddable":true,"href":"https:\/\/www.messinaoggi.it\/website\/wp-json\/wp\/v2\/tags?post=33772"}],"curies":[{"name":"wp","href":"https:\/\/api.w.org\/{rel}","templated":true}]}}