{"id":33756,"date":"2019-06-11T12:07:48","date_gmt":"2019-06-11T10:07:48","guid":{"rendered":"https:\/\/www.messinaoggi.it\/website\/?p=33756"},"modified":"2019-06-11T12:07:48","modified_gmt":"2019-06-11T10:07:48","slug":"giovedi-traversata-dello-stretto-per-la-fondazione-ricerca-fibrosi-cistica","status":"publish","type":"post","link":"https:\/\/www.messinaoggi.it\/website\/2019\/06\/11\/giovedi-traversata-dello-stretto-per-la-fondazione-ricerca-fibrosi-cistica\/","title":{"rendered":"Gioved\u00ec traversata dello Stretto per la Fondazione Ricerca fibrosi cistica"},"content":{"rendered":"<p class=\"p1\"><span class=\"s1\">\u00c8 una traversata per la vita quella dello <b>stretto di Messina<\/b>, la manifestazione sportiva non competitiva in programma il prossimo <b>13 giugno<\/b>, alle ore 11. Negli anni l\u2019evento, organizzato da <b>Luciano Vietri<\/b>, \u00e8 diventato simbolo di sfida contro le malattie gravi, che rappresentano simbolicamente un mostro da combattere, proprio come Scilla e Cariddi che nell\u2019antichit\u00e0 davano il nome alla stretto.<\/span><div id=\"div-gpt-ad-Messinaoggi.it-DSK-300x250-corpoart\" style=\"text-align:center;margin:0 auto;\"><\/div><\/p>\n<p class=\"p1\"><span class=\"s1\">Questa nuova edizione <b>patrocinata dal Comune di Messina<\/b> vede in campo la <b>Fondazione per la Ricerca sulla Fibrosi Cistica Onlus, <\/b>Agenzia nazionale per la Ricerca sulla malattia genetica grave pi\u00f9 diffusa definita &#8220;a timer&#8221;, perch\u00e9 chi ne \u00e8 affetto ha un&#8217;aspettativa di vita media che si attesta intorno ai 40 anni.<b> <\/b>Chi nasce malato ha ereditato sia dal padre sia dalla madre una copia del gene mutato. Entrambi sono, quasi sempre senza saperlo, portatori sani di una copia di tale gene: in Italia<b> sono circa 2milioni e mezzo, una persona ogni 25,<\/b> e una coppia composta da due portatori sani, ad ogni gravidanza, ha una probabilit\u00e0 su quattro di avere un figlio malato.<\/span><div id=\"videoincontent\" style=\"clear:both\";><\/div><\/p>\n<p class=\"p2\"><span class=\"s1\"><b>Saranno oltre 30 i nuotatori<\/b> di vario livello pronti a mettersi alla prova e ad attraversare lo stretto di 3,5 chilometri, dove si incontrano le correnti del Mar Ionio e del Mar Tirreno. La partenza \u00e8 prevista dalla spiaggia di Capo Peloro, altezza Pilone di Torre Faro, a Messina. In totale saranno <b>10 le batterie<\/b> composte ciascuna da tre nuotatori.<\/span><\/p>\n<p class=\"p1\"><span class=\"s1\">Muniti di <b>cuffia firmata FFC<\/b> e scortati dalle barche durante tutto il percorso, i partecipanti, bracciata dopo bracciata, raggiungeranno la Calabria dove saranno presi i singoli tempi. \u00a0\u00a0\u00a0Al termine della traversata, rientreranno in Sicilia in barca per partecipare in serata alla <b>Charity Dinner<\/b> in programma <b>all\u2019Hotel Capo Peloro di Torre Faro (ME)<\/b>. La cena, patrocinata dal Comune di Messina e realizzata con il contributo di Banca Agricola Popolare di Ragusa, \u00e8 aperta al pubblico e restano ancora pochi posti disponibili. Per confermare la propria partecipazione o ricevere informazioni, contattare <b>Daniele La Lota al numero 338 6325645.<\/b> L\u2019intero ricavato della serata sosterr\u00e0 l\u2019attivit\u00e0 scientifica promossa dalla FFC.<\/span><\/p>\n","protected":false},"excerpt":{"rendered":"<p>\u00c8 una traversata per la vita quella dello stretto di Messina, la manifestazione sportiva non competitiva in programma il prossimo 13 giugno, alle ore 11. Negli anni l\u2019evento, organizzato da Luciano Vietri, \u00e8 diventato simbolo di sfida contro le malattie gravi, che rappresentano simbolicamente un mostro da combattere, proprio come Scilla e Cariddi che nell\u2019antichit\u00e0 [&hellip;]<\/p>\n","protected":false},"author":2,"featured_media":2964,"comment_status":"closed","ping_status":"open","sticky":false,"template":"","format":"standard","meta":{"ub_ctt_via":"","_mi_skip_tracking":false},"categories":[9],"tags":[],"featured_image_src":"https:\/\/www.messinaoggi.it\/website\/wp-content\/uploads\/2017\/06\/riviera-nord-con-vista-pilone-capo-peloro-2.jpg","author_info":{"display_name":"Redazione","author_link":"https:\/\/www.messinaoggi.it\/website\/author\/redazione\/"},"digistream_id":0,"digistream":false,"_links":{"self":[{"href":"https:\/\/www.messinaoggi.it\/website\/wp-json\/wp\/v2\/posts\/33756"}],"collection":[{"href":"https:\/\/www.messinaoggi.it\/website\/wp-json\/wp\/v2\/posts"}],"about":[{"href":"https:\/\/www.messinaoggi.it\/website\/wp-json\/wp\/v2\/types\/post"}],"author":[{"embeddable":true,"href":"https:\/\/www.messinaoggi.it\/website\/wp-json\/wp\/v2\/users\/2"}],"replies":[{"embeddable":true,"href":"https:\/\/www.messinaoggi.it\/website\/wp-json\/wp\/v2\/comments?post=33756"}],"version-history":[{"count":0,"href":"https:\/\/www.messinaoggi.it\/website\/wp-json\/wp\/v2\/posts\/33756\/revisions"}],"wp:featuredmedia":[{"embeddable":true,"href":"https:\/\/www.messinaoggi.it\/website\/wp-json\/wp\/v2\/media\/2964"}],"wp:attachment":[{"href":"https:\/\/www.messinaoggi.it\/website\/wp-json\/wp\/v2\/media?parent=33756"}],"wp:term":[{"taxonomy":"category","embeddable":true,"href":"https:\/\/www.messinaoggi.it\/website\/wp-json\/wp\/v2\/categories?post=33756"},{"taxonomy":"post_tag","embeddable":true,"href":"https:\/\/www.messinaoggi.it\/website\/wp-json\/wp\/v2\/tags?post=33756"}],"curies":[{"name":"wp","href":"https:\/\/api.w.org\/{rel}","templated":true}]}}