{"id":33748,"date":"2019-06-11T10:50:56","date_gmt":"2019-06-11T08:50:56","guid":{"rendered":"https:\/\/www.messinaoggi.it\/website\/?p=33748"},"modified":"2019-06-11T10:50:56","modified_gmt":"2019-06-11T08:50:56","slug":"formazione-galluzzo-interventi-necessari-per-il-cittadino","status":"publish","type":"post","link":"https:\/\/www.messinaoggi.it\/website\/2019\/06\/11\/formazione-galluzzo-interventi-necessari-per-il-cittadino\/","title":{"rendered":"Formazione, Galluzzo: &quot;Interventi necessari per il cittadino&quot;"},"content":{"rendered":"<p class=\"p1\" style=\"text-align: justify;\">Palazzo D&#8217;Amico, a Milazzo, ha ospitato l&#8217;incontro organizzato dalla Societ\u00e0 Benefit Rinascita 18,con il coordinamento del Gruppo di Medici Antroposofici Siciliani rappresentato in sala dai fondatori membri, il dott. Carmelo Samon\u00e0 e il dott. Riccardo Nocifora, in collaborazione con il Comune di Milazzo e l&#8217;Assessorato regionale alla Sanit\u00e0.<div id=\"div-gpt-ad-Messinaoggi.it-DSK-300x250-corpoart\" style=\"text-align:center;margin:0 auto;\"><\/div><\/p>\n<p class=\"p1\" style=\"text-align: justify;\">Si \u00e8 parlato dell&#8217;importanza della Medicina Antroposofica nella formazione del medico e degli aspetti avanguardisti della legislazione siciliana, visto il riconoscimento da parte della Regione Siciliana, con decreto legge n. 983 del 30\/05\/2018 della Medicina Antroposofica nelle attivit\u00e0 di formazione.<div id=\"videoincontent\" style=\"clear:both\";><\/div><\/p>\n<p class=\"p1\" style=\"text-align: justify;\">Presente all&#8217;incontro l&#8217;on. Pino Galluzzo, Deputato Ars, Componente alla Commissione Salute, oggi in qualit\u00e0 di rappresentante dell&#8217;Assessore alla Salute Ruggero Razza, assente per motivi istituzionali.<\/p>\n<p class=\"p1\" style=\"text-align: justify;\">L&#8217;Assessore Razza ha inviato una comunicazione in cui spiegava i motivi della sua assenza con l&#8217;impegno a presenziare altri incontri che si organizzeranno sul fronte della formazione, cos\u00ec come ribadito da Galluzzo che<span class=\"Apple-converted-space\">\u00a0 <\/span>ha messo in evidenza il valore della formazione e la necessit\u00e0 che questa non riguardi soltanto gli ambiti specialistici ma il singolo cittadino che va guidato nella giusta direzione e nella corretta informazione sulla salute.<\/p>\n<p class=\"p1\" style=\"text-align: justify;\">Galluzzo ha poi parlato della realizzazione con il Governo Musumeci di programmi sanitari finalmente rivisti e realizzati dopo anni di inefficienza e di confusione, insieme alla riattivazione di piani d&#8217;inserimento professionale all&#8217;interno delle reti ospedaliere caratterizzati dalla chiarezza degli iter burocratici e dalla presenza di reali competenze richieste dai bandi.<\/p>\n<p class=\"p1\" style=\"text-align: justify;\">Il dott. Riccardo Nocifora, cardiologo, medico dell&#8217;Asp di Palermo, componente della Commissione regionale per le MNC (Medicine Non Convenzionali), si \u00e8 soffermato sugli aspetti legislativi che regolano la Medicina Antroposofica, sottolineando come non si possa pi\u00f9 parlare di medicine, ma di un un&#8217;unica Medicina contenente diverse metodologie, tutte con l&#8217;unico scopo di guarire il paziente, nella direzione di <i>&#8220;restituire al malato la sua malattia&#8221;<\/i>, come ha affermato il dott. Carmelo Samon\u00e0, medico antroposofo e membro del Collegio di Presidenza della SIMA (Societ\u00e0 Italina di Medicina Antroposofica) &#8211; <i>&#8220;e renderlo protagonista del processo di guarigione&#8221;.<\/i><\/p>\n<p class=\"p1\" style=\"text-align: justify;\">Il dott. Nocifora ha auspicato che la Regione siciliana non trascuri il settore della formazione anche nei passi a seguire, e prenda ad esempio la Regione Toscana che offre servizi sanitari anche per le medicine integrative.<\/p>\n<p class=\"p1\" style=\"text-align: justify;\">Importante il contributo del dott. Gianfranco Nastasi, Presidente del Consiglio del Comune di Milazzo, che ha ospitato i presenti nel prestigioso Palazzo D&#8217;Amico.<\/p>\n<p class=\"p1\" style=\"text-align: justify;\">La sua passione di medico,prima ancora che di rappresentante politico, lo ha condotto nell&#8217;albo dei conoscitori della materia dimostrando apertura mentale e disponibilit\u00e0 al dialogo.<\/p>\n<p class=\"p1\" style=\"text-align: justify;\">La sala ha accolto le parole anche del Presidente dell&#8217;Ordine dei Medici di Palermo, il prof. Toti Amato, persona illustre e di notevole impegno nel mondo accademico e istituzionale.<\/p>\n<p class=\"p1\" style=\"text-align: justify;\">Amato ha parlato di integrazione necessaria tra le diverse metodologie che offre la scienza a servizio della medicina, un <i>&#8220;lavoro <\/i>&#8211; afferma &#8211; <i>che ha bisogno di tempo nel reciproco rispetto dei ruoli e delle competenze&#8221;. <\/i><\/p>\n","protected":false},"excerpt":{"rendered":"<p>Palazzo D&#8217;Amico, a Milazzo, ha ospitato l&#8217;incontro organizzato dalla Societ\u00e0 Benefit Rinascita 18,con il coordinamento del Gruppo di Medici Antroposofici Siciliani rappresentato in sala dai fondatori membri, il dott. Carmelo Samon\u00e0 e il dott. Riccardo Nocifora, in collaborazione con il Comune di Milazzo e l&#8217;Assessorato regionale alla Sanit\u00e0. Si \u00e8 parlato dell&#8217;importanza della Medicina Antroposofica [&hellip;]<\/p>\n","protected":false},"author":2,"featured_media":33749,"comment_status":"closed","ping_status":"open","sticky":false,"template":"","format":"standard","meta":{"ub_ctt_via":"","_mi_skip_tracking":false},"categories":[13,14],"tags":[],"featured_image_src":"https:\/\/www.messinaoggi.it\/website\/wp-content\/uploads\/2019\/06\/immagine-1.jpg","author_info":{"display_name":"Redazione","author_link":"https:\/\/www.messinaoggi.it\/website\/author\/redazione\/"},"digistream_id":0,"digistream":false,"_links":{"self":[{"href":"https:\/\/www.messinaoggi.it\/website\/wp-json\/wp\/v2\/posts\/33748"}],"collection":[{"href":"https:\/\/www.messinaoggi.it\/website\/wp-json\/wp\/v2\/posts"}],"about":[{"href":"https:\/\/www.messinaoggi.it\/website\/wp-json\/wp\/v2\/types\/post"}],"author":[{"embeddable":true,"href":"https:\/\/www.messinaoggi.it\/website\/wp-json\/wp\/v2\/users\/2"}],"replies":[{"embeddable":true,"href":"https:\/\/www.messinaoggi.it\/website\/wp-json\/wp\/v2\/comments?post=33748"}],"version-history":[{"count":0,"href":"https:\/\/www.messinaoggi.it\/website\/wp-json\/wp\/v2\/posts\/33748\/revisions"}],"wp:featuredmedia":[{"embeddable":true,"href":"https:\/\/www.messinaoggi.it\/website\/wp-json\/wp\/v2\/media\/33749"}],"wp:attachment":[{"href":"https:\/\/www.messinaoggi.it\/website\/wp-json\/wp\/v2\/media?parent=33748"}],"wp:term":[{"taxonomy":"category","embeddable":true,"href":"https:\/\/www.messinaoggi.it\/website\/wp-json\/wp\/v2\/categories?post=33748"},{"taxonomy":"post_tag","embeddable":true,"href":"https:\/\/www.messinaoggi.it\/website\/wp-json\/wp\/v2\/tags?post=33748"}],"curies":[{"name":"wp","href":"https:\/\/api.w.org\/{rel}","templated":true}]}}