{"id":33691,"date":"2019-06-10T12:14:24","date_gmt":"2019-06-10T10:14:24","guid":{"rendered":"https:\/\/www.messinaoggi.it\/website\/?p=33691"},"modified":"2019-06-10T12:14:24","modified_gmt":"2019-06-10T10:14:24","slug":"europei-di-tiro-a-volo-il-messinese-bruno-vince-il-campionato","status":"publish","type":"post","link":"https:\/\/www.messinaoggi.it\/website\/2019\/06\/10\/europei-di-tiro-a-volo-il-messinese-bruno-vince-il-campionato\/","title":{"rendered":"Europei di tiro a volo, il messinese Bruno vince il campionato"},"content":{"rendered":"<p>Il giovane messinese Andrea Bruno si \u00e8 aggiudicato la 51esima edizione del Campionato Europeo di tiro a volo specialit\u00e0 \u201cElica\u201d, la cui premiazione si \u00e8 tenuta ieri al Tiro a volo di Castanea, la struttura sportiva che ha ospitato nei giorni scorsi la competizione pi\u00f9 ambita a livello continentale. Nel corso dell\u2019ultima giornata, Bruno ha sbaragliato la concorrenza con 29 eliche centrate su 30 e si \u00e8 poi aggiudicato il barrage su cinque colpi con l\u2019agrigentino Paolo Vitale.<br \/>\n<div id=\"attachment_33695\" style=\"width: 1034px\" class=\"wp-caption alignnone\"><a href=\"https:\/\/www.messinaoggi.it\/website\/wp-content\/uploads\/2019\/06\/Il-messinese-Andrea-Bruno-in-azione-tiro-a-volo.jpg\"><img aria-describedby=\"caption-attachment-33695\" loading=\"lazy\" class=\"size-full wp-image-33695\" src=\"https:\/\/www.messinaoggi.it\/website\/wp-content\/uploads\/2019\/06\/Il-messinese-Andrea-Bruno-in-azione-tiro-a-volo.jpg\" alt=\"\" width=\"1024\" height=\"659\" \/><\/a><p id=\"caption-attachment-33695\" class=\"wp-caption-text\">Andrea Bruno in azione.<\/p><\/div><br \/>\nMeglio di loro ha fatto soltanto l\u2019esperto egiziano Salah Kassem, autore di uno spettacolare en plein, che si \u00e8 aggiudicato cos\u00ec il successo in Coppa del Mondo.<br \/>\n<div id=\"attachment_33696\" style=\"width: 1034px\" class=\"wp-caption alignnone\"><a href=\"https:\/\/www.messinaoggi.it\/website\/wp-content\/uploads\/2019\/06\/La-felicit\u00e0-dellegiziano-Salah-Kassem-al-centro-con-il_-ct-azzurro-Rodenghi.jpg\"><img aria-describedby=\"caption-attachment-33696\" loading=\"lazy\" class=\"size-full wp-image-33696\" src=\"https:\/\/www.messinaoggi.it\/website\/wp-content\/uploads\/2019\/06\/La-felicit\u00e0-dellegiziano-Salah-Kassem-al-centro-con-il_-ct-azzurro-Rodenghi.jpg\" alt=\"\" width=\"1024\" height=\"768\" \/><\/a><p id=\"caption-attachment-33696\" class=\"wp-caption-text\">Al centro Salah Kassem con il ct azzurro Rodenghi<\/p><\/div><br \/>\nQuarto posto a pari merito (28 eliche) per Daniele Di Bella, Francesco Prestifilippo, Fabio Donato e Giuseppe Cappadona. <em>\u201cHo provato una grandissima emozione nel vincere l\u2019Europeo a Castanea<\/em> &#8211; ha dichiarato a caldo Bruno \u2013 <em>dopo le 19 eliche di sabato, ho fatto segnare un \u201cimmacolato\u201d 10 e avuto ragione di un avversario forte come Vitale. Sono stato bravo nel mantenere sempre alta la concentrazione. Le condizioni meteo mi hanno aiutato con sole e, soprattutto, assenza di vento\u201d. <\/em><br \/>\nOro tra le donne alla favorita laziale Federica De Mattia, che ha preceduto con 26 eliche la beniamina di casa Emanuela Barill\u00e0 (25), le britanniche Jo Watson Hopikinson e Dionne Rogers e la maltese Mikaela Galea.<br \/>\n<div id=\"attachment_33694\" style=\"width: 1610px\" class=\"wp-caption alignnone\"><a href=\"https:\/\/www.messinaoggi.it\/website\/wp-content\/uploads\/2019\/06\/I-neo-campioni-europei-di-tiro-a-volo-Federica-De-Mattia-e-Andrea-Bruno-con-il-presidente-Fitav-Luciano-Rossi.jpg\"><img aria-describedby=\"caption-attachment-33694\" loading=\"lazy\" class=\"size-full wp-image-33694\" src=\"https:\/\/www.messinaoggi.it\/website\/wp-content\/uploads\/2019\/06\/I-neo-campioni-europei-di-tiro-a-volo-Federica-De-Mattia-e-Andrea-Bruno-con-il-presidente-Fitav-Luciano-Rossi.jpg\" alt=\"\" width=\"1600\" height=\"1200\" \/><\/a><p id=\"caption-attachment-33694\" class=\"wp-caption-text\">De Mattia e Bruno con il presidente Fitav Luciano Rossi.<\/p><\/div><br \/>\nL\u2019Italia ha conquistato altre tre affermazioni individuali nelle restanti quattro categorie, che hanno visto primeggiare: Alessandro De Mattia (Junior), Jean Francois Palinkas (Master), Kassen (Senior), ma il titolo \u00e8 andato a Vitale, e Nicol\u00f2 Feo (Veterani). Nella sfida delle Nazioni, poker di vittorie per gli azzurri del ct Giuseppe Rodenghi. La premiazione, alla quale hanno presenziato, tra gli altri, Luciano Rossi e Palinkas, presidenti di Fitav e Fitasc, ha fatto calare il sipario sulla manifestazione internazionale, mirabilmente organizzata dal TAV Castanea caro alla famiglia Passalacqua. Messina si \u00e8 meritata, cos\u00ec, in un indimenticabile lungo weekend, una vetrina di rilievo e pu\u00f2 sognare adesso di ospitare la rassegna iridata.<div id=\"div-gpt-ad-Messinaoggi.it-DSK-300x250-corpoart\" style=\"text-align:center;margin:0 auto;\"><\/div><\/p>\n<div id=\"videoincontent\" style=\"clear:both\";><\/div>","protected":false},"excerpt":{"rendered":"<p>Il giovane messinese Andrea Bruno si \u00e8 aggiudicato la 51esima edizione del Campionato Europeo di tiro a volo specialit\u00e0 \u201cElica\u201d, la cui premiazione si \u00e8 tenuta ieri al Tiro a volo di Castanea, la struttura sportiva che ha ospitato nei giorni scorsi la competizione pi\u00f9 ambita a livello continentale. Nel corso dell\u2019ultima giornata, Bruno ha [&hellip;]<\/p>\n","protected":false},"author":8,"featured_media":33694,"comment_status":"closed","ping_status":"open","sticky":false,"template":"","format":"standard","meta":{"ub_ctt_via":"","_mi_skip_tracking":false},"categories":[8,9],"tags":[],"featured_image_src":"https:\/\/www.messinaoggi.it\/website\/wp-content\/uploads\/2019\/06\/I-neo-campioni-europei-di-tiro-a-volo-Federica-De-Mattia-e-Andrea-Bruno-con-il-presidente-Fitav-Luciano-Rossi.jpg","author_info":{"display_name":"red..me","author_link":"https:\/\/www.messinaoggi.it\/website\/author\/redstage\/"},"digistream_id":0,"digistream":false,"_links":{"self":[{"href":"https:\/\/www.messinaoggi.it\/website\/wp-json\/wp\/v2\/posts\/33691"}],"collection":[{"href":"https:\/\/www.messinaoggi.it\/website\/wp-json\/wp\/v2\/posts"}],"about":[{"href":"https:\/\/www.messinaoggi.it\/website\/wp-json\/wp\/v2\/types\/post"}],"author":[{"embeddable":true,"href":"https:\/\/www.messinaoggi.it\/website\/wp-json\/wp\/v2\/users\/8"}],"replies":[{"embeddable":true,"href":"https:\/\/www.messinaoggi.it\/website\/wp-json\/wp\/v2\/comments?post=33691"}],"version-history":[{"count":0,"href":"https:\/\/www.messinaoggi.it\/website\/wp-json\/wp\/v2\/posts\/33691\/revisions"}],"wp:featuredmedia":[{"embeddable":true,"href":"https:\/\/www.messinaoggi.it\/website\/wp-json\/wp\/v2\/media\/33694"}],"wp:attachment":[{"href":"https:\/\/www.messinaoggi.it\/website\/wp-json\/wp\/v2\/media?parent=33691"}],"wp:term":[{"taxonomy":"category","embeddable":true,"href":"https:\/\/www.messinaoggi.it\/website\/wp-json\/wp\/v2\/categories?post=33691"},{"taxonomy":"post_tag","embeddable":true,"href":"https:\/\/www.messinaoggi.it\/website\/wp-json\/wp\/v2\/tags?post=33691"}],"curies":[{"name":"wp","href":"https:\/\/api.w.org\/{rel}","templated":true}]}}