{"id":33688,"date":"2019-06-10T11:51:02","date_gmt":"2019-06-10T09:51:02","guid":{"rendered":"https:\/\/www.messinaoggi.it\/website\/?p=33688"},"modified":"2019-06-10T11:51:02","modified_gmt":"2019-06-10T09:51:02","slug":"finanziere-riminese-attraversa-litalia-in-bici-per-ricordare-lex-collega-barcellonese","status":"publish","type":"post","link":"https:\/\/www.messinaoggi.it\/website\/2019\/06\/10\/finanziere-riminese-attraversa-litalia-in-bici-per-ricordare-lex-collega-barcellonese\/","title":{"rendered":"Finanziere riminese attraversa l&#039;Italia in bici per ricordare l&#039;ex collega barcellonese"},"content":{"rendered":"<p>Un viaggio in bici di oltre milleduecento chilometri lungo tutta la penisola in memoria del collega e amico scomparso prematuramente. \u00c8 questo il nobile gesto compiuto dal vicebrigadiere Daniele Battelli, finanziere in servizio presso la Guardia di Finanza di Rimini che ha intrapreso in bicicletta un viaggio in solitaria per ricordare l\u2019appuntato scelto Giuseppe Bucolo, finanziere originario di Barcellona Pozzo di Gotto scomparso lo scorso anno a causa di un arresto cardiaco.<br \/>\nL\u2019itinerario, con partenza da Milano il 31 maggio scorso, si \u00e8 concluso in data 8 giugno a Barcellona Pozzo di Gotto. Attraversando l\u2019Italia da Nord a Sud in nove tappe, tra cui le citt\u00e0 di Bologna, Ancona, Pescara, San Severo di Foggia, Bari, Trebisacce, Catanzaro e Reggio Calabria, il Finanziere ha prescelto, in particolare, quali tappe principali, le citt\u00e0 che hanno segnato la vita del collega e amico Giuseppe: Milano (dove prestava servizio), Bari (dove \u00e8 deceduto) e Barcellona Pozzo di Gotto (dove \u00e8 stato seppellito).<br \/>\nL\u2019iniziativa di solidariet\u00e0 e sensibilizzazione da parte del militare riminese, appassionato di ciclismo, \u00e8 stata patrocinata dal Comando Generale della Guardia di Finanza. Oltre al nobile gesto di voler ricordare l\u2019amico prematuramente scomparso, l\u2019intento \u00e8 stato anche quello di promuovere la diffusione dello sport e l\u2019importanza dall\u2019attivit\u00e0 fisica come forma di prevenzione dell\u2019infarto e delle malattie cardiovascolari. A tal riguardo, in collaborazione con l\u2019associazione \u201cTutti per Fabio\u201d Onlus, \u00e8 stata promossa una raccolta di donazioni per l\u2019acquisto di un defibrillatore.<br \/>\nSabato mattina 8 giugno, in occasione della sosta a Messina, presso la Caserma \u201cS. Cotugno\u201d, sede del Comando Provinciale della Guardia di Finanza, il Comandante Provinciale, Generale di Brigata Vincenzo Tomei, ed una rappresentanza dell\u2019Associazione Nazionale dei Finanzieri d\u2019Italia, hanno accolto il Vicebrigadiere, prima della conclusione dell\u2019intero viaggio a Barcellona Pozzo di Gotto, dove vi era ad attenderlo il Capitano Giacomo Cucurachi, Comandante della Tenenza di Patti, unitamente a una rappresentanza di militari ed al Cappellano Militare del Comando Regionale Sicilia, Monsignor Mario Raneri, che ha officiato, alla presenza della moglie, dei figli e dei familiari del militare prematuramente scomparso, un momento di preghiera presso la tomba al Cimitero di Barcellona PG.<div id=\"div-gpt-ad-Messinaoggi.it-DSK-300x250-corpoart\" style=\"text-align:center;margin:0 auto;\"><\/div><\/p>\n<div id=\"videoincontent\" style=\"clear:both\";><\/div>","protected":false},"excerpt":{"rendered":"<p>Un viaggio in bici di oltre milleduecento chilometri lungo tutta la penisola in memoria del collega e amico scomparso prematuramente. \u00c8 questo il nobile gesto compiuto dal vicebrigadiere Daniele Battelli, finanziere in servizio presso la Guardia di Finanza di Rimini che ha intrapreso in bicicletta un viaggio in solitaria per ricordare l\u2019appuntato scelto Giuseppe Bucolo, [&hellip;]<\/p>\n","protected":false},"author":8,"featured_media":33689,"comment_status":"closed","ping_status":"open","sticky":false,"template":"","format":"standard","meta":{"ub_ctt_via":"","_mi_skip_tracking":false},"categories":[13,14],"tags":[],"featured_image_src":"https:\/\/www.messinaoggi.it\/website\/wp-content\/uploads\/2019\/06\/finanziere-rimenese-in-bici.jpg","author_info":{"display_name":"red..me","author_link":"https:\/\/www.messinaoggi.it\/website\/author\/redstage\/"},"digistream_id":0,"digistream":false,"_links":{"self":[{"href":"https:\/\/www.messinaoggi.it\/website\/wp-json\/wp\/v2\/posts\/33688"}],"collection":[{"href":"https:\/\/www.messinaoggi.it\/website\/wp-json\/wp\/v2\/posts"}],"about":[{"href":"https:\/\/www.messinaoggi.it\/website\/wp-json\/wp\/v2\/types\/post"}],"author":[{"embeddable":true,"href":"https:\/\/www.messinaoggi.it\/website\/wp-json\/wp\/v2\/users\/8"}],"replies":[{"embeddable":true,"href":"https:\/\/www.messinaoggi.it\/website\/wp-json\/wp\/v2\/comments?post=33688"}],"version-history":[{"count":0,"href":"https:\/\/www.messinaoggi.it\/website\/wp-json\/wp\/v2\/posts\/33688\/revisions"}],"wp:featuredmedia":[{"embeddable":true,"href":"https:\/\/www.messinaoggi.it\/website\/wp-json\/wp\/v2\/media\/33689"}],"wp:attachment":[{"href":"https:\/\/www.messinaoggi.it\/website\/wp-json\/wp\/v2\/media?parent=33688"}],"wp:term":[{"taxonomy":"category","embeddable":true,"href":"https:\/\/www.messinaoggi.it\/website\/wp-json\/wp\/v2\/categories?post=33688"},{"taxonomy":"post_tag","embeddable":true,"href":"https:\/\/www.messinaoggi.it\/website\/wp-json\/wp\/v2\/tags?post=33688"}],"curies":[{"name":"wp","href":"https:\/\/api.w.org\/{rel}","templated":true}]}}