{"id":33620,"date":"2019-06-08T11:02:05","date_gmt":"2019-06-08T09:02:05","guid":{"rendered":"https:\/\/www.messinaoggi.it\/website\/?p=33620"},"modified":"2019-06-08T11:02:05","modified_gmt":"2019-06-08T09:02:05","slug":"proseguono-gli-europei-di-tiro-a-volo-a-castanea","status":"publish","type":"post","link":"https:\/\/www.messinaoggi.it\/website\/2019\/06\/08\/proseguono-gli-europei-di-tiro-a-volo-a-castanea\/","title":{"rendered":"Proseguono gli Europei di Tiro a volo a Castanea"},"content":{"rendered":"<p>Ieri \u00e8 entrata nel vivo la 51esima edizione del Campionato Europeo di tiro a volo \u201cElica\u201d, valida anche come seconda prova di Coppa del Mondo, che si terr\u00e0 al Tiro a volo di Castanea e che terminer\u00e0 domani. Nell\u2019impianto messinese, stanno gareggiando 200 tiratori in rappresentanza di 10 stati: <em>Italia, Egitto, Francia, Germania, Gran Bretagna, Stati Uniti, Malta, Belgio, Argentina ed Arabia Saudita.<\/em><br \/>\nAl gran completo la Nazionale italiana del commissario tecnico Giuseppe Rodenghi e del coordinatore Sebastiano Molinari, che si \u00e8 presentata all\u2019appuntamento come squadra da battere. Lo scorso anno alla rassegna continentale di Bologna, gli azzurri furono assoluti protagonisti, come conferma l\u2019eccellente bottino di medaglie: 9 ori sugli 11 in palio, 8 argenti e 4 bronzi. Ben 8 i messinesi convocati da Rodenghi: Antonio, Mino e Sergio Passalacqua, Andrea Bruno, Giantonio Ilacqua, Giacomo Picciolo, Simone Galletta ed Emanuela Barill\u00e0. Gli altri azzurri sono: Alberto Paravia, Leandro Prado, Roberto Proietti, Marco Rodenghi, Federica De Mattia, Franca Rota, Paola Tattini, Alessandro De Mattia, Andrea Lodovisi, Lorenzo Tosi, Patrizio Battaglia, Luciano Ciarafoni, Andrea Martignoni, Mauro Messori, Sebastiano Molinari, Claudio Sangiorgi, Andrea Giovanni Marcello, Giancarlo Serra, l\u2019etneo Antonio Badal\u00e0, tesserato per il Tav Castanea, e lo stesso commissario tecnico Rodenghi.<br \/>\n<div id=\"attachment_33624\" style=\"width: 1034px\" class=\"wp-caption alignnone\"><a href=\"https:\/\/www.messinaoggi.it\/website\/wp-content\/uploads\/2019\/06\/Nazionale-azzurra-tiro-a-volo.jpg\"><img aria-describedby=\"caption-attachment-33624\" loading=\"lazy\" class=\"size-full wp-image-33624\" src=\"https:\/\/www.messinaoggi.it\/website\/wp-content\/uploads\/2019\/06\/Nazionale-azzurra-tiro-a-volo.jpg\" alt=\"\" width=\"1024\" height=\"679\" \/><\/a><p id=\"caption-attachment-33624\" class=\"wp-caption-text\">Nazionale italiana di tiro a volo.<\/p><\/div><br \/>\nLa competizione (\u201cMemorial Franco Martignoni\u201d), che assegner\u00e0 gli ambiti titoli di campione europeo per tutte le categorie, \u00e8 sulla distanza delle 30 eliche. Venerd\u00ec, intanto, il \u201cGrand Prix Of Italy-Trinacria Cup\u201d sulle 20 eliche ha visto imporsi l\u2019esperto umbro Roberto Proietti, autore di uno strepitoso en plein, davanti a Umberto Piccolo, Francesco Prestifilippo e Giantonio Ilacqua. A rendere lo spettacolo speciale una giornata estiva ed il mozzafiato panorama offerto dalle Isole Eolie.<br \/>\n<div id=\"attachment_33623\" style=\"width: 1034px\" class=\"wp-caption alignnone\"><a href=\"https:\/\/www.messinaoggi.it\/website\/wp-content\/uploads\/2019\/06\/Le-eliche-per-la-premiazione.jpg\"><img aria-describedby=\"caption-attachment-33623\" loading=\"lazy\" class=\"size-full wp-image-33623\" src=\"https:\/\/www.messinaoggi.it\/website\/wp-content\/uploads\/2019\/06\/Le-eliche-per-la-premiazione.jpg\" alt=\"\" width=\"1024\" height=\"676\" \/><\/a><p id=\"caption-attachment-33623\" class=\"wp-caption-text\">Le eliche per la premiazione.<\/p><\/div><br \/>\n<em>\u201c\u00c8 una grandissima soddisfazione per il Tiro a volo di Castanea aver portato cos\u00ec in alto il tiro a volo messinese<\/em> \u2013 dichiara con orgoglio Antonio Passalacqua, punto di forza della Nazionale assieme al fratello Mino e al cugino Sergio &#8211; <em>non si era mai vista nel nostro territorio una manifestazione di questo livello. Per me \u00e8 un doppio onore partecipare agonisticamente, difendendo i colori azzurri, ed essere, nel contempo, tra gli organizzatori degli Europei\u201d.<\/em><br \/>\nGioved\u00ec, infine, Piero Donato, uomo di grande spessore socio culturale, attivo in innumerevoli opere di beneficenza e board member dell\u2019ospedale italiano del Cairo Umberto I, ha ricevuto la cittadinanza onoraria del Comune di Messina. Il tiratore egiziano con origini messinesi, accompagnato dal presidente della federazione egiziana Hazem Hosny e da Alessandro Nicotra di San Giacomo, in rappresentanza della Fitav, \u00e8 stato ricevuto, nell\u2019Aula Consiliare di Palazzo Zanca, dal sindaco Cateno De Luca e dagli assessori Dafne Musolino e Giuseppe Scattareggia.<div id=\"div-gpt-ad-Messinaoggi.it-DSK-300x250-corpoart\" style=\"text-align:center;margin:0 auto;\"><\/div><\/p>\n<div id=\"videoincontent\" style=\"clear:both\";><\/div>","protected":false},"excerpt":{"rendered":"<p>Ieri \u00e8 entrata nel vivo la 51esima edizione del Campionato Europeo di tiro a volo \u201cElica\u201d, valida anche come seconda prova di Coppa del Mondo, che si terr\u00e0 al Tiro a volo di Castanea e che terminer\u00e0 domani. Nell\u2019impianto messinese, stanno gareggiando 200 tiratori in rappresentanza di 10 stati: Italia, Egitto, Francia, Germania, Gran Bretagna, [&hellip;]<\/p>\n","protected":false},"author":8,"featured_media":33625,"comment_status":"closed","ping_status":"open","sticky":false,"template":"","format":"standard","meta":{"ub_ctt_via":"","_mi_skip_tracking":false},"categories":[8,9],"tags":[],"featured_image_src":"https:\/\/www.messinaoggi.it\/website\/wp-content\/uploads\/2019\/06\/Una-fase-della-gara.jpg","author_info":{"display_name":"red..me","author_link":"https:\/\/www.messinaoggi.it\/website\/author\/redstage\/"},"digistream_id":0,"digistream":false,"_links":{"self":[{"href":"https:\/\/www.messinaoggi.it\/website\/wp-json\/wp\/v2\/posts\/33620"}],"collection":[{"href":"https:\/\/www.messinaoggi.it\/website\/wp-json\/wp\/v2\/posts"}],"about":[{"href":"https:\/\/www.messinaoggi.it\/website\/wp-json\/wp\/v2\/types\/post"}],"author":[{"embeddable":true,"href":"https:\/\/www.messinaoggi.it\/website\/wp-json\/wp\/v2\/users\/8"}],"replies":[{"embeddable":true,"href":"https:\/\/www.messinaoggi.it\/website\/wp-json\/wp\/v2\/comments?post=33620"}],"version-history":[{"count":0,"href":"https:\/\/www.messinaoggi.it\/website\/wp-json\/wp\/v2\/posts\/33620\/revisions"}],"wp:featuredmedia":[{"embeddable":true,"href":"https:\/\/www.messinaoggi.it\/website\/wp-json\/wp\/v2\/media\/33625"}],"wp:attachment":[{"href":"https:\/\/www.messinaoggi.it\/website\/wp-json\/wp\/v2\/media?parent=33620"}],"wp:term":[{"taxonomy":"category","embeddable":true,"href":"https:\/\/www.messinaoggi.it\/website\/wp-json\/wp\/v2\/categories?post=33620"},{"taxonomy":"post_tag","embeddable":true,"href":"https:\/\/www.messinaoggi.it\/website\/wp-json\/wp\/v2\/tags?post=33620"}],"curies":[{"name":"wp","href":"https:\/\/api.w.org\/{rel}","templated":true}]}}