{"id":3346,"date":"2017-06-23T09:52:04","date_gmt":"2017-06-23T07:52:04","guid":{"rendered":"http:\/\/www.messinaoggi.it\/website\/?p=3346"},"modified":"2017-06-23T09:52:04","modified_gmt":"2017-06-23T07:52:04","slug":"beninati-la-nuova-rete-ospedaliera-reca-disagi-e-pregiudizi","status":"publish","type":"post","link":"https:\/\/www.messinaoggi.it\/website\/2017\/06\/23\/beninati-la-nuova-rete-ospedaliera-reca-disagi-e-pregiudizi\/","title":{"rendered":"Beninati: &quot;La nuova rete ospedaliera reca disagi e pregiudizi&quot;"},"content":{"rendered":"<p>\u201cLa nuova rete ospedaliera non \u00e8 a misura di cittadino. Reca disagi e pregiudizio, ad una larghissima parte della popolazione del messinese, soprattutto nella zona tirrenica e nebroidea che si avvia ad una \u201cdesertificazione\u201d di servizi. Un esempio? La soppressione del reparto di Urologia che crea un vuoto nella fascia tirrenica dal Papardo fino all\u2019ospedale di Cefal\u00f9 ( in provincia di Palermo)\u201d.<br \/>\nDure le parole di Nino Beninati, coordinatore per la provincia di Messina \u00a0di Noi con Salvini, che sull\u2019intervento dell\u2019on. Beppe Picciolo sulla rete ospedaliera, parla di tardiva presa di posizione.<br \/>\n\u201cPicciolo interviene su cose fatte dal suo movimento politico, dalla maggioranza della quale fa parte, come se improvvisamente ne fosse estraneo. Tentare un\u2019intercessione ex post davanti all\u2019assessore Gucciardi \u00e8 decisamente incoerente \u2013 continua Beninati \u2013 in sede di discussione del provvedimento bisognava assumersi la responsabilit\u00e0 politica di far valere le istanze dei tantissimi Comuni della fascia tirrenica, che sono stati danneggiati oltremodo dalla rimodulazione delle rete ospedaliera\u201d.<br \/>\nInaccettabile che si lasci sprovvista di reparti un\u2019intera un\u2019area provinciale nella quale vivono migliaia di cittadini e certamente non lo si pu\u00f2 fare adducendo come giustificazioni criteri di bilancio imposti da Roma.<br \/>\n\u201cSe proprio era necessario ridurre la spesa, bisognava intervenire con piani di contenimento degli sprechi, che non si traducono nell\u2019eliminazione dei servizi, ma nel loro efficientamento semmai\u201d.<br \/>\n\u201cAssistiamo alla pratica invalsa nei partiti centristi di suonare la ritirata dal Governo Crocetta, che pure hanno sostenuto in tutti questi anni. Il lavoro di opposizione ad un decreto assessoriale iniquo, doveva essere fatto prima, in fase di approvazione &#8211; commenta Beninati &#8211; \u00e8 in quel momento che devono essere fatte valere le istanze della popolazione che si \u00e8 legittimamente affidata, \u00e8 in quel momento e non dopo, che si devono rispettare le proprie responsabilit\u00e0 davanti all\u2019elettorato. L\u2019allontanamento dai bisogni della gente: questa \u00a0\u00e8 la vera trave nell\u2019occhio di questo \u00a0governo regionale, il depotenziamento sanitario da Milazzo in poi n\u00e9 \u00e8 la prova pi\u00f9 lampante\u201d.<br \/>\n\u201cInfine, ritengo giusto sottolineare che la valorizzazione del Irccs Piemonte-Neuroloesi Bonino Pulejo, che lo stesso onorevole si intesta, lo si deve esclusivamente al prof. Dino Bramanti, direttore scientifico della struttura ed all\u2019attuale direttore generale, arch. Angelo Aliqu\u00f2. Solo grazie al loro lavoro sul campo &#8211; conclude Beninati &#8211; \u00e8 stato possibile ottenere il riconoscimento di Dea e non per favoritismi politici come il deputato messinese vorrebbe fare intendere nel suo recente comunicato stampa\u201d.<div id=\"div-gpt-ad-Messinaoggi.it-DSK-300x250-corpoart\" style=\"text-align:center;margin:0 auto;\"><\/div><\/p>\n<div id=\"videoincontent\" style=\"clear:both\";><\/div>","protected":false},"excerpt":{"rendered":"<p>\u201cLa nuova rete ospedaliera non \u00e8 a misura di cittadino. Reca disagi e pregiudizio, ad una larghissima parte della popolazione del messinese, soprattutto nella zona tirrenica e nebroidea che si avvia ad una \u201cdesertificazione\u201d di servizi. Un esempio? La soppressione del reparto di Urologia che crea un vuoto nella fascia tirrenica dal Papardo fino all\u2019ospedale [&hellip;]<\/p>\n","protected":false},"author":4,"featured_media":2342,"comment_status":"closed","ping_status":"open","sticky":false,"template":"","format":"standard","meta":{"ub_ctt_via":"","_mi_skip_tracking":false},"categories":[6],"tags":[],"featured_image_src":"https:\/\/www.messinaoggi.it\/website\/wp-content\/uploads\/2017\/06\/nino-beninati-2.jpg","author_info":{"display_name":"redme","author_link":"https:\/\/www.messinaoggi.it\/website\/author\/redme\/"},"digistream_id":0,"digistream":false,"_links":{"self":[{"href":"https:\/\/www.messinaoggi.it\/website\/wp-json\/wp\/v2\/posts\/3346"}],"collection":[{"href":"https:\/\/www.messinaoggi.it\/website\/wp-json\/wp\/v2\/posts"}],"about":[{"href":"https:\/\/www.messinaoggi.it\/website\/wp-json\/wp\/v2\/types\/post"}],"author":[{"embeddable":true,"href":"https:\/\/www.messinaoggi.it\/website\/wp-json\/wp\/v2\/users\/4"}],"replies":[{"embeddable":true,"href":"https:\/\/www.messinaoggi.it\/website\/wp-json\/wp\/v2\/comments?post=3346"}],"version-history":[{"count":0,"href":"https:\/\/www.messinaoggi.it\/website\/wp-json\/wp\/v2\/posts\/3346\/revisions"}],"wp:featuredmedia":[{"embeddable":true,"href":"https:\/\/www.messinaoggi.it\/website\/wp-json\/wp\/v2\/media\/2342"}],"wp:attachment":[{"href":"https:\/\/www.messinaoggi.it\/website\/wp-json\/wp\/v2\/media?parent=3346"}],"wp:term":[{"taxonomy":"category","embeddable":true,"href":"https:\/\/www.messinaoggi.it\/website\/wp-json\/wp\/v2\/categories?post=3346"},{"taxonomy":"post_tag","embeddable":true,"href":"https:\/\/www.messinaoggi.it\/website\/wp-json\/wp\/v2\/tags?post=3346"}],"curies":[{"name":"wp","href":"https:\/\/api.w.org\/{rel}","templated":true}]}}