{"id":3345,"date":"2017-06-23T11:45:25","date_gmt":"2017-06-23T09:45:25","guid":{"rendered":"http:\/\/www.messinaoggi.it\/website\/?p=3345"},"modified":"2017-06-23T11:45:25","modified_gmt":"2017-06-23T09:45:25","slug":"giustizialisti-cosi-la-politica-lega-le-mani-alla-magistratura","status":"publish","type":"post","link":"https:\/\/www.messinaoggi.it\/website\/2017\/06\/23\/giustizialisti-cosi-la-politica-lega-le-mani-alla-magistratura\/","title":{"rendered":"Giustizialisti. Cos\u00ec la politica lega le mani alla Magistratura"},"content":{"rendered":"<p style=\"text-align: justify\">Si \u00e8 tenuta ieri la presentazione del libro &#8220;Giustizialisti. Cos\u00ec la politica lega le mani alla Magistratura&#8221; di Sebastiano Ardita e Piercamillo Davigo. Hanno dialogato con l&#8217;autore e Procuratore Aggiunto di Messina Sebastiano Ardita, il giornalista Nuccio Anselmo e l&#8217;avvocato Carmelo Scillia.<div id=\"div-gpt-ad-Messinaoggi.it-DSK-300x250-corpoart\" style=\"text-align:center;margin:0 auto;\"><\/div><\/p>\n<p style=\"text-align: justify\">&#8220;\u00c8 da considerare un libro molto attuale e veritiero della situazione che c&#8217;\u00e8 nella Giustizia italiana. Non ritengo che sia un libro di parte, come qualcuno potrebbe dire, cio\u00e8 che d\u00e0 una visione soltanto dal punto di vista della Magistratura, ma sia un libro che d\u00e0 dei dati e dei riferimenti concreti e dei numeri in una situazione oggettivamente di disastro&#8221;. Cos\u00ec Nuccio Anselmo, presenta il libro.<div id=\"videoincontent\" style=\"clear:both\";><\/div><\/p>\n<p style=\"text-align: justify\">Come scrive Marco Travaglio nella prefazione, si tratta di un libro che Indro Montanelli gli aveva consigliato di scrivere, e che egli stesso sognava di poter fare, un libro per spiegare la Giustizia nel nostro paese. Ci\u00f2 porta a chiedersi il &#8220;perch\u00e8?&#8221; di questo libro, &#8220;Oggi la Giustizia \u00e8 una delle realt\u00e0 tra le meno conosciute che si possa immaginare per una ragione molto semplice: perch\u00e8 si appiuppa dietro formule,articoli, norme, la gente ha difficolt\u00e0 a barcamenarsi e molte cose non le capisce.&#8221; risponde Ardita &#8220;Questo libro serve a chiarire come funziona il processo, quali sono le sue ambiguit\u00e0, quante volte i cittadini vengono traditi nelle loro aspettative di giustizia&#8221;.<br \/>\nSecondo l&#8217;avvocato Scillia serviva qualcuno che dicesse come stanno le cose, un libro non solo divulgativo ma anche educativo.<\/p>\n<p style=\"text-align: justify\">&#8220;Le detenzioni che il nostro processo provoca sono brevi, instabili e riguardano una quantit\u00e0 sconfinata di soggetti, perch\u00e8 le porte dei penitenziari si aprono e si chiudono dando esecuzione alle regole previste dal processo. L&#8217;effetto finale \u00e8 che in carcere finiscono in tanti, in conseguenza del lavoro delle Forze dell&#8217;Ordine, ma il sistema penale non li trattiene perch\u00e8, tra le altre ragioni, raramente il processo pu\u00f2 celebrarsi in tempi brevi e compatibili con il periodo massimo nel quale pu\u00f2 essere mantenuto lo stato di arresto. E cos\u00ec, anzich\u00e8 subire un deterrente, gli arrestati hanno spesso l&#8217;opportunit\u00e0 di incontrare criminali veri, dentro il carcere ovviamente, ancora pi\u00f9 pericolosi, e magari trovano l&#8217;occasione per maturare il titolo per essere affiliati a qualche cosca mafiosa. Insomma anzich\u00e8 produrre prevenzione, questo sistema consente di essere pi\u00f9 facilmente introdotti nel giro criminale che conta.&#8221; scrive Ardita.<\/p>\n<p style=\"text-align: justify\">Un libro duro, sull\u2019eterno scontro tra magistratura e politica. Un viaggio nelle aule dei tribunali, nelle Procure e nelle carceri dove la giustizia diventa spesso ingiustizia.<\/p>\n<p style=\"text-align: right\"><em>Serena Votano<\/em><\/p>\n<p><img loading=\"lazy\" class=\"alignnone size-medium wp-image-3237\" src=\"http:\/\/www.messinaoggi.it\/website\/wp-content\/uploads\/2017\/06\/giustizialisti-186x300.jpg\" alt=\"\" width=\"186\" height=\"300\" \/><\/p>\n","protected":false},"excerpt":{"rendered":"<p>Si \u00e8 tenuta ieri la presentazione del libro &#8220;Giustizialisti. Cos\u00ec la politica lega le mani alla Magistratura&#8221; di Sebastiano Ardita e Piercamillo Davigo. Hanno dialogato con l&#8217;autore e Procuratore Aggiunto di Messina Sebastiano Ardita, il giornalista Nuccio Anselmo e l&#8217;avvocato Carmelo Scillia. &#8220;\u00c8 da considerare un libro molto attuale e veritiero della situazione che c&#8217;\u00e8 [&hellip;]<\/p>\n","protected":false},"author":8,"featured_media":3360,"comment_status":"closed","ping_status":"open","sticky":false,"template":"","format":"standard","meta":{"ub_ctt_via":"","_mi_skip_tracking":false},"categories":[16],"tags":[],"featured_image_src":"https:\/\/www.messinaoggi.it\/website\/wp-content\/uploads\/2017\/06\/ardita-feltrinelli-2.jpg","author_info":{"display_name":"red..me","author_link":"https:\/\/www.messinaoggi.it\/website\/author\/redstage\/"},"digistream_id":0,"digistream":false,"_links":{"self":[{"href":"https:\/\/www.messinaoggi.it\/website\/wp-json\/wp\/v2\/posts\/3345"}],"collection":[{"href":"https:\/\/www.messinaoggi.it\/website\/wp-json\/wp\/v2\/posts"}],"about":[{"href":"https:\/\/www.messinaoggi.it\/website\/wp-json\/wp\/v2\/types\/post"}],"author":[{"embeddable":true,"href":"https:\/\/www.messinaoggi.it\/website\/wp-json\/wp\/v2\/users\/8"}],"replies":[{"embeddable":true,"href":"https:\/\/www.messinaoggi.it\/website\/wp-json\/wp\/v2\/comments?post=3345"}],"version-history":[{"count":0,"href":"https:\/\/www.messinaoggi.it\/website\/wp-json\/wp\/v2\/posts\/3345\/revisions"}],"wp:featuredmedia":[{"embeddable":true,"href":"https:\/\/www.messinaoggi.it\/website\/wp-json\/wp\/v2\/media\/3360"}],"wp:attachment":[{"href":"https:\/\/www.messinaoggi.it\/website\/wp-json\/wp\/v2\/media?parent=3345"}],"wp:term":[{"taxonomy":"category","embeddable":true,"href":"https:\/\/www.messinaoggi.it\/website\/wp-json\/wp\/v2\/categories?post=3345"},{"taxonomy":"post_tag","embeddable":true,"href":"https:\/\/www.messinaoggi.it\/website\/wp-json\/wp\/v2\/tags?post=3345"}],"curies":[{"name":"wp","href":"https:\/\/api.w.org\/{rel}","templated":true}]}}