{"id":33395,"date":"2019-06-04T10:17:50","date_gmt":"2019-06-04T08:17:50","guid":{"rendered":"https:\/\/www.messinaoggi.it\/website\/?p=33395"},"modified":"2019-06-04T10:17:50","modified_gmt":"2019-06-04T08:17:50","slug":"castanea-si-prepara-per-gli-europei-di-tiro-a-volo-venerdi-al-via-il-campionato","status":"publish","type":"post","link":"https:\/\/www.messinaoggi.it\/website\/2019\/06\/04\/castanea-si-prepara-per-gli-europei-di-tiro-a-volo-venerdi-al-via-il-campionato\/","title":{"rendered":"Castanea si prepara per gli Europei di tiro a volo: venerd\u00ec al via il campionato"},"content":{"rendered":"<p>Oltre 200 atleti provenienti da ogni parte del mondo stanno per recarsi a Messina. Manca infatti pochissimo alla 51esima edizione degli Europei di tiro a volo specialit\u00e0 \u201cElica\u201d, il noto evento sportivo organizzato dalla Federazione europea di tiro che quest\u2019anno si svolger\u00e0 al tiro a volo di Castanea da venerd\u00ec 7 a domenica 9 e che varr\u00e0 anche come seconda prova di Coppa del Mondo. In particolare, gli atleti che prenderanno al campionato provengono da Italia, Egitto, Francia, Germania, Gran Bretagna, Stati Uniti, Malta, Belgio, Argentina ed Arabia Saudita.<br \/>\nLe prime rappresentative giungeranno a Messina gi\u00e0 domani, quando \u00e8 attesa la spedizione egiziana, che conta 25 iscritti. Proprio in Egitto si \u00e8 tenuto ad aprile l\u2019appuntamento d\u2019apertura di Coppa del Mondo, che in quell\u2019occasione era valido come Campionato d\u2019Africa. Poi sar\u00e0 un susseguirsi di arrivi, che confermeranno la rilevante valenza turistica della manifestazione, patrocinata dal Comune di Messina.<br \/>\nLa nazionale azzurra si presenter\u00e0 in Sicilia al gran completo, con diversi talenti peloritani, che punteranno a ben figurare davanti ai propri sostenitori. Elevato sar\u00e0 il livello della competizione, che metter\u00e0 in palio gli ambiti titoli e le medaglie europee ed i podi della rassegna iridata. Il ricco programma della settimana include la \u201cCoppa Trinacria\u201d ed il \u201cMemorial Franco Martignoni\u201d.<br \/>\n<div id=\"attachment_33397\" style=\"width: 970px\" class=\"wp-caption alignnone\"><a href=\"https:\/\/www.messinaoggi.it\/website\/wp-content\/uploads\/2019\/06\/I-tiratori-messinesi-in-Nazionale-.jpg\"><img aria-describedby=\"caption-attachment-33397\" loading=\"lazy\" class=\"size-full wp-image-33397\" src=\"https:\/\/www.messinaoggi.it\/website\/wp-content\/uploads\/2019\/06\/I-tiratori-messinesi-in-Nazionale-.jpg\" alt=\"\" width=\"960\" height=\"720\" \/><\/a><p id=\"caption-attachment-33397\" class=\"wp-caption-text\">I tiratori messinesi in nazionale<\/p><\/div><br \/>\nCon di fronte l\u2019incantevole scenario delle isole Eolie, la struttura di Castanea, gestita dalla famiglia Passalacqua e in particolare presieduta da Giovanni Passalacqua, dispone di sei campi, quattro saranno in funzione per le gare sulla distanza delle 30 eliche. Disponibili pure pedane \u201cjolly\u201d, dove i concorrenti effettueranno il training e test di qualsiasi genere e tipologia.<div id=\"div-gpt-ad-Messinaoggi.it-DSK-300x250-corpoart\" style=\"text-align:center;margin:0 auto;\"><\/div><\/p>\n<div id=\"videoincontent\" style=\"clear:both\";><\/div>","protected":false},"excerpt":{"rendered":"<p>Oltre 200 atleti provenienti da ogni parte del mondo stanno per recarsi a Messina. Manca infatti pochissimo alla 51esima edizione degli Europei di tiro a volo specialit\u00e0 \u201cElica\u201d, il noto evento sportivo organizzato dalla Federazione europea di tiro che quest\u2019anno si svolger\u00e0 al tiro a volo di Castanea da venerd\u00ec 7 a domenica 9 e [&hellip;]<\/p>\n","protected":false},"author":8,"featured_media":33396,"comment_status":"closed","ping_status":"open","sticky":false,"template":"","format":"standard","meta":{"ub_ctt_via":"","_mi_skip_tracking":false},"categories":[8,9],"tags":[],"featured_image_src":"https:\/\/www.messinaoggi.it\/website\/wp-content\/uploads\/2019\/06\/tiro-a-volo-castanea.jpg","author_info":{"display_name":"red..me","author_link":"https:\/\/www.messinaoggi.it\/website\/author\/redstage\/"},"digistream_id":0,"digistream":false,"_links":{"self":[{"href":"https:\/\/www.messinaoggi.it\/website\/wp-json\/wp\/v2\/posts\/33395"}],"collection":[{"href":"https:\/\/www.messinaoggi.it\/website\/wp-json\/wp\/v2\/posts"}],"about":[{"href":"https:\/\/www.messinaoggi.it\/website\/wp-json\/wp\/v2\/types\/post"}],"author":[{"embeddable":true,"href":"https:\/\/www.messinaoggi.it\/website\/wp-json\/wp\/v2\/users\/8"}],"replies":[{"embeddable":true,"href":"https:\/\/www.messinaoggi.it\/website\/wp-json\/wp\/v2\/comments?post=33395"}],"version-history":[{"count":0,"href":"https:\/\/www.messinaoggi.it\/website\/wp-json\/wp\/v2\/posts\/33395\/revisions"}],"wp:featuredmedia":[{"embeddable":true,"href":"https:\/\/www.messinaoggi.it\/website\/wp-json\/wp\/v2\/media\/33396"}],"wp:attachment":[{"href":"https:\/\/www.messinaoggi.it\/website\/wp-json\/wp\/v2\/media?parent=33395"}],"wp:term":[{"taxonomy":"category","embeddable":true,"href":"https:\/\/www.messinaoggi.it\/website\/wp-json\/wp\/v2\/categories?post=33395"},{"taxonomy":"post_tag","embeddable":true,"href":"https:\/\/www.messinaoggi.it\/website\/wp-json\/wp\/v2\/tags?post=33395"}],"curies":[{"name":"wp","href":"https:\/\/api.w.org\/{rel}","templated":true}]}}