{"id":33362,"date":"2019-06-03T15:04:35","date_gmt":"2019-06-03T13:04:35","guid":{"rendered":"https:\/\/www.messinaoggi.it\/website\/?p=33362"},"modified":"2019-06-03T15:04:35","modified_gmt":"2019-06-03T13:04:35","slug":"morte-prof-guglielmo-sei-medici-a-giudizio-la-famiglia-teme-la-prescrizione-dei-reati","status":"publish","type":"post","link":"https:\/\/www.messinaoggi.it\/website\/2019\/06\/03\/morte-prof-guglielmo-sei-medici-a-giudizio-la-famiglia-teme-la-prescrizione-dei-reati\/","title":{"rendered":"Morte prof. Guglielmo, sei medici a giudizio. La famiglia teme la prescrizione dei reati"},"content":{"rendered":"<p style=\"text-align: justify;\">Rinviata all\u201911 ottobre prossimo l\u2019udienza del procedimento aperto dalla Sezione Penale del Tribunale di Messina per fare chiarezza sulla morte del professor Giovanni Guglielmo, deceduto il 24 novembre 2013 al Policlinico, dove era stato trasferito d\u2019urgenza dall\u2019ospedale Piemonte.<div id=\"div-gpt-ad-Messinaoggi.it-DSK-300x250-corpoart\" style=\"text-align:center;margin:0 auto;\"><\/div><\/p>\n<p style=\"text-align: justify;\">Dopo la denuncia della famiglia, assistita dagli avvocati Alberto Gullino e Igor German\u00e0, su richiesta del pubblico ministero Federica Rende sono sei i medici rinviati a giudizio nel gennaio 2017.<div id=\"videoincontent\" style=\"clear:both\";><\/div><\/p>\n<div id=\"attachment_33317\" style=\"width: 310px\" class=\"wp-caption alignleft\"><img aria-describedby=\"caption-attachment-33317\" loading=\"lazy\" class=\"size-medium wp-image-33317\" src=\"https:\/\/www.messinaoggi.it\/website\/wp-content\/uploads\/2019\/06\/8FA60690-60C5-4E30-8969-D43DFCFC656E-300x225.jpeg\" alt=\"\" width=\"300\" height=\"225\" \/><p id=\"caption-attachment-33317\" class=\"wp-caption-text\">Il prof. Giovanni Guglielmo<\/p><\/div>\n<p style=\"text-align: justify;\">Si tratta di Giacomo Lo Presti, di turno al nosocomio di viale Europa quando la notte del 23 novembre il professor Guglielmo, noto e stimato docente della facolt\u00e0 di Farmacia, fu ricoverato d\u2019urgenza, Annamaria Mangano, Adriana Maria Merrino, Gaetano Cannav\u00e0, Letterio Pavia e Maria Rosa Buttafarro.<\/p>\n<p style=\"text-align: justify;\">Come ha sostenuto nella richiesta di rinvio il pubblico ministero Rende, \u201cLo Presti Giacomo in qualit\u00e0 di medico chirurgo di turno in servizio la notte del 23 novembre, Mangano Anna Maria in qualit\u00e0 di medico di turno la mattina del 23 novembre, Merrino Adriana e Cannav\u00e0 Antonino in qualit\u00e0 di medici di turno nel pomeriggio del 23 novembre, Pavia Letterio in qualit\u00e0 di medico di turno la notte del 23 novembre e Buttafarro Maria Rosa in qualit\u00e0 di medico di turno il 24 novembre, a fronte di una storia anamnestica del paziente di aneurisma aortico trattato con endoprotesi e di una sintomatologia clinica che evidenziava nel Guglielmo, paziente gi\u00e0 sottoposto nel 2011 ad un intervento chirurgico per \u201caneurisma dell\u2019aorta toracica\u201d, una logica complicanza del predetto intervento\u201d avrebbero omesso di \u201cprocedere agli accertamenti strumentali necessari a diagnosticare la predetta complicanza e di eseguire tempestivamente il necessario intervento chirurgico di riparazione endovascolare di aneurisma dell\u2019aorta toracica rotto, intervento eseguito poi d\u2019urgenza con un ritardo di circa 41 ore dall\u2019insorgenza dei primi sintomi del paziente\u201d.<\/p>\n<p>La famiglia chiede che venga fatta chiarezza sulla vicenda e si augura che il Tribunale possa giungere alla verit\u00e0 prima della prescrizione del reato.<\/p>\n","protected":false},"excerpt":{"rendered":"<p>Rinviata all\u201911 ottobre prossimo l\u2019udienza del procedimento aperto dalla Sezione Penale del Tribunale di Messina per fare chiarezza sulla morte del professor Giovanni Guglielmo, deceduto il 24 novembre 2013 al Policlinico, dove era stato trasferito d\u2019urgenza dall\u2019ospedale Piemonte. Dopo la denuncia della famiglia, assistita dagli avvocati Alberto Gullino e Igor German\u00e0, su richiesta del pubblico [&hellip;]<\/p>\n","protected":false},"author":2,"featured_media":10356,"comment_status":"closed","ping_status":"open","sticky":false,"template":"","format":"standard","meta":{"ub_ctt_via":"","_mi_skip_tracking":false},"categories":[19,6],"tags":[],"featured_image_src":"https:\/\/www.messinaoggi.it\/website\/wp-content\/uploads\/2017\/10\/tribunale-di-messina.jpg","author_info":{"display_name":"Redazione","author_link":"https:\/\/www.messinaoggi.it\/website\/author\/redazione\/"},"digistream_id":0,"digistream":false,"_links":{"self":[{"href":"https:\/\/www.messinaoggi.it\/website\/wp-json\/wp\/v2\/posts\/33362"}],"collection":[{"href":"https:\/\/www.messinaoggi.it\/website\/wp-json\/wp\/v2\/posts"}],"about":[{"href":"https:\/\/www.messinaoggi.it\/website\/wp-json\/wp\/v2\/types\/post"}],"author":[{"embeddable":true,"href":"https:\/\/www.messinaoggi.it\/website\/wp-json\/wp\/v2\/users\/2"}],"replies":[{"embeddable":true,"href":"https:\/\/www.messinaoggi.it\/website\/wp-json\/wp\/v2\/comments?post=33362"}],"version-history":[{"count":0,"href":"https:\/\/www.messinaoggi.it\/website\/wp-json\/wp\/v2\/posts\/33362\/revisions"}],"wp:featuredmedia":[{"embeddable":true,"href":"https:\/\/www.messinaoggi.it\/website\/wp-json\/wp\/v2\/media\/10356"}],"wp:attachment":[{"href":"https:\/\/www.messinaoggi.it\/website\/wp-json\/wp\/v2\/media?parent=33362"}],"wp:term":[{"taxonomy":"category","embeddable":true,"href":"https:\/\/www.messinaoggi.it\/website\/wp-json\/wp\/v2\/categories?post=33362"},{"taxonomy":"post_tag","embeddable":true,"href":"https:\/\/www.messinaoggi.it\/website\/wp-json\/wp\/v2\/tags?post=33362"}],"curies":[{"name":"wp","href":"https:\/\/api.w.org\/{rel}","templated":true}]}}