{"id":33351,"date":"2019-06-03T06:33:51","date_gmt":"2019-06-03T04:33:51","guid":{"rendered":"https:\/\/www.messinaoggi.it\/website\/?p=33351"},"modified":"2019-06-03T06:33:51","modified_gmt":"2019-06-03T04:33:51","slug":"a-proposito-della-sparata-di-micciche-che-ucciderebbe-chi-ha-votato-lega-di-fragale","status":"publish","type":"post","link":"https:\/\/www.messinaoggi.it\/website\/2019\/06\/03\/a-proposito-della-sparata-di-micciche-che-ucciderebbe-chi-ha-votato-lega-di-fragale\/","title":{"rendered":"A proposito della &quot;sparata&quot; di Miccich\u00e8 che ucciderebbe chi ha votato Lega. Di Fragale"},"content":{"rendered":"<p class=\"p1\"><span class=\"s1\">A differenza del coordinatore provinciale e del responsabile enti locali della Lega, ritengo che quanto espresso dall\u2019on. Miccich\u00e8, presidente dell\u2019Ars e coordinatore regionale di Forza Italia, sia oltremodo commentabile.\u00a0<\/span><div id=\"div-gpt-ad-Messinaoggi.it-DSK-300x250-corpoart\" style=\"text-align:center;margin:0 auto;\"><\/div><\/p>\n<p class=\"p1\"><span class=\"s1\">Non mi addentro sulle questioni di stile. Chi come me preferisce la sobriet\u00e0 accetta il rischio di non essere letto, ascoltato, seguito. I like da anni si strappano (come gli applausi e i voti) da chi sta sopra le righe e oltre il perimetro del politicamente corretto. Vale a tutti i livelli e a tutte le latitudini. Troppi tonnacchioli nel mare dei like.\u00a0<\/span><div id=\"videoincontent\" style=\"clear:both\";><\/div><\/p>\n<p class=\"p1\"><span class=\"s1\">Piuttosto, entro nel merito. <\/span><span class=\"s1\">La Lega, per definizione Lega Nord, non pu\u00f2 caratterizzarsi come partito nazionale identificandosi con \u201cNoi con Salvini\u201d.\u00a0<\/span><\/p>\n<p class=\"p1\"><span class=\"s1\">Commette errore di prospettiva chi immagina di tratteggiare il profilo leghista interpretando il dato elettorale esteso &#8211; diffusamente &#8211; a tutta la penisola. <\/span><span class=\"s1\">Questo si \u00e8 bizzarro e buzzurro.<\/span><\/p>\n<p class=\"p1\"><span class=\"s1\">Piaccia o non piaccia ma la resistenza offerta da Forza Italia in Sicilia, al netto della capacit\u00e0 di penetrazione del tessuto elettorale di riferimenti impropri (discutibilit\u00e0 e impropriet\u00e0 non estranea ad alcun realt\u00e0 di partito o movimento che dir si voglia) si traduce nella capacit\u00e0 socialista, popolare e liberale di difendere una identit\u00e0 (talvolta oltre il difendibile). Questa l\u2019unica spiegazione del risultato superiore alla media. All\u2019on. Micciche\u2019 &#8211; tra calore e colore &#8211; tutto, in ogni caso, pu\u00f2 essere rimproverato fuorch\u00e9 istinti pateticamente demagogici.\u00a0<\/span><\/p>\n<p class=\"p1\"><span class=\"s1\">L\u2019apertura di prospettiva di un impegno sulle ragioni della autonomia, dell\u2019indipendenza, del federalismo \u00e8 di straordinario fascino. Avevamo bisogno di attendere la Lega?<\/span><\/p>\n<p class=\"p1\"><span class=\"s1\">Il Regno delle Due Sicilie, pur con tutte le sue contraddizioni, non avrebbe alcunch\u00e9 da invidiare non solo rispetto alle rivendicazioni padane (prima maniera?) ma neppure rispetto alle estreme tentazioni secessioniste catalane.<\/span><\/p>\n<p class=\"p1\"><span class=\"s1\">Il nostro Statuto, lo Statuto della Sicilia, lo Statuto del Parlamento pi\u00f9 antico d\u2019Europa \u00e8 stato tradito da insipienza, inettitudine, disonest\u00e0.<\/span><\/p>\n<p class=\"p1\"><span class=\"s1\">\u00c8 successo che le differenze tra aree del Paese e regioni d\u2019Europa che generano doglianze di base talmente diverse hanno fatto\u00a0 apparire quelle (ricche?) del nord come consapevolezza e quelle (povere?) del sud come questua.<\/span><\/p>\n<p class=\"p1\"><span class=\"s1\">Le cose, tuttavia, sarebbero state ( e potrebbero essere differenti) se vi fosse una classe dirigente all\u2019altezza delle sfide &#8211; come pi\u00f9 volte affermato &#8211; che non solo i corridoi comunitari suggeriscono\u00a0 ma anche i crocevia del mediterraneo, del nord Africa, del medio oriente impongono.<\/span><\/p>\n<p class=\"p1\"><span class=\"s1\">Lo snodo \u00e8 rappresentato dagli investimenti su logistica e infrastrutture.\u00a0<\/span><\/p>\n<p class=\"p1\"><span class=\"s1\">Per esempio, pur non essendo convinto assertore del Ponte, avverto la delicatezza del tema dinnanzi a strumentale diffidenza in ordine agli investimenti da Noi &#8230; senza cedere all\u2019\u201da noi!\u201d del saluto nazionalpopulista e antidemocratico.<\/span><\/p>\n<p class=\"p1\"><span class=\"s1\">Questo vale per la magnifica piattaforma di storia, cultura e natura della nostra isola e a maggior ragione per la citt\u00e0 dello Stretto che politicamente e strategicamente \u00e8 la pi\u00f9 interessante anche se &#8211; purtroppo &#8211; la meno effervescente.<\/span><\/p>\n<p class=\"p1\"><span class=\"s1\">Ora &#8230; la chiusura della Tonnara di Favignana ci fa temere o no un paradigma?<\/span><\/p>\n<p class=\"p1\"><span class=\"s1\">Non temu a \u2018mmoffa ma l\u2019abitudini della soffocata vexata questio meridionale.<\/span><\/p>\n<p class=\"p2\"><span class=\"s1\">Altro che sovranismo.<\/span><\/p>\n<p class=\"p2\"><span class=\"s1\">C\u2019e poco da sorridere.\u00a0<\/span><\/p>\n<p class=\"p1\"><span class=\"s1\">Fieramente, orgogliosamente terrone.<\/span><\/p>\n<p style=\"text-align: right;\"><strong>Emilio Fragale<\/strong><\/p>\n","protected":false},"excerpt":{"rendered":"<p>A differenza del coordinatore provinciale e del responsabile enti locali della Lega, ritengo che quanto espresso dall\u2019on. Miccich\u00e8, presidente dell\u2019Ars e coordinatore regionale di Forza Italia, sia oltremodo commentabile.\u00a0 Non mi addentro sulle questioni di stile. Chi come me preferisce la sobriet\u00e0 accetta il rischio di non essere letto, ascoltato, seguito. I like da anni [&hellip;]<\/p>\n","protected":false},"author":2,"featured_media":8222,"comment_status":"closed","ping_status":"open","sticky":false,"template":"","format":"standard","meta":{"ub_ctt_via":"","_mi_skip_tracking":false},"categories":[6],"tags":[],"featured_image_src":"https:\/\/www.messinaoggi.it\/website\/wp-content\/uploads\/2017\/09\/L-genovese-palaculturaRRP_7480-2.jpg","author_info":{"display_name":"Redazione","author_link":"https:\/\/www.messinaoggi.it\/website\/author\/redazione\/"},"digistream_id":0,"digistream":false,"_links":{"self":[{"href":"https:\/\/www.messinaoggi.it\/website\/wp-json\/wp\/v2\/posts\/33351"}],"collection":[{"href":"https:\/\/www.messinaoggi.it\/website\/wp-json\/wp\/v2\/posts"}],"about":[{"href":"https:\/\/www.messinaoggi.it\/website\/wp-json\/wp\/v2\/types\/post"}],"author":[{"embeddable":true,"href":"https:\/\/www.messinaoggi.it\/website\/wp-json\/wp\/v2\/users\/2"}],"replies":[{"embeddable":true,"href":"https:\/\/www.messinaoggi.it\/website\/wp-json\/wp\/v2\/comments?post=33351"}],"version-history":[{"count":0,"href":"https:\/\/www.messinaoggi.it\/website\/wp-json\/wp\/v2\/posts\/33351\/revisions"}],"wp:featuredmedia":[{"embeddable":true,"href":"https:\/\/www.messinaoggi.it\/website\/wp-json\/wp\/v2\/media\/8222"}],"wp:attachment":[{"href":"https:\/\/www.messinaoggi.it\/website\/wp-json\/wp\/v2\/media?parent=33351"}],"wp:term":[{"taxonomy":"category","embeddable":true,"href":"https:\/\/www.messinaoggi.it\/website\/wp-json\/wp\/v2\/categories?post=33351"},{"taxonomy":"post_tag","embeddable":true,"href":"https:\/\/www.messinaoggi.it\/website\/wp-json\/wp\/v2\/tags?post=33351"}],"curies":[{"name":"wp","href":"https:\/\/api.w.org\/{rel}","templated":true}]}}