{"id":33313,"date":"2019-06-01T20:56:08","date_gmt":"2019-06-01T18:56:08","guid":{"rendered":"https:\/\/www.messinaoggi.it\/website\/?p=33313"},"modified":"2019-06-01T20:56:08","modified_gmt":"2019-06-01T18:56:08","slug":"carcere-di-barcellona-alta-tensione-oggi-pomeriggio-detenuti-incendiano-materassi-4-intossicati","status":"publish","type":"post","link":"https:\/\/www.messinaoggi.it\/website\/2019\/06\/01\/carcere-di-barcellona-alta-tensione-oggi-pomeriggio-detenuti-incendiano-materassi-4-intossicati\/","title":{"rendered":"Carcere di Barcellona, alta tensione oggi pomeriggio. Detenuti incendiano materassi, 4 intossicati"},"content":{"rendered":"<p style=\"text-align: justify;\">Momenti di alta tensione, questo pomeriggio, nel carcere di Barcellona Pozzo di Gotto. Si registrano 4 agenti penitenziari intossicati. \u201cColpa e conseguenza della protesta sconsiderata e incomprensibile di un detenuto, che ha appiccato un incendio nella cella dov\u2019era ristretto, dando fuoco a tutto al materasso che era all\u2019interno\u201d, spiega <strong>Donato Capece<\/strong>, segretario generale del\u00a0Sindacato Autonomo Polizia Penitenziaria SAPPE, il primo e pi\u00f9 rappresentativo della Categoria.\u00a0\u201cIl tempestivo intervento dei poliziotti, con grande senso di responsabilit\u00e0 coraggio e professionalit\u00e0, ha permesso di evitare pi\u00f9 gravi e tragiche conseguenze. Non si tratta, dunque, di una rivolta come invece qualcuno ha detto. Un grazie di cuore a tutto il personale di Polizia Penitenziaria del carcere di Barcellona Pozzo di Gotto\u00a0\u00a0che con professionalit\u00e0 e abnegazione hanno evitato che tutte queste situazioni diventassero ancora pi\u00f9 drammatiche\u201d.<br \/>\nCapece torna a sottolineare l\u2019alto numero di eventi critici che sono accaduti ed accadono in carcere: \u201cI numeri riferiti all\u2019intero anno 2018, con una popolazione detenuta inferiore a quella attuale di oltre 60.400 presenze, parlano da soli:\u00a07.784\u00a0colluttazioni,\u00a01.159\u00a0ferimenti,\u00a091\u00a0evasioni (8 quelle femminili),\u00a010.423\u00a0atti di autolesionismo,\u00a061\u00a0suicidi,\u00a01.198quelli sventati dalle donne e dagli uomini del Corpo\u201d.<div id=\"div-gpt-ad-Messinaoggi.it-DSK-300x250-corpoart\" style=\"text-align:center;margin:0 auto;\"><\/div><\/p>\n<p style=\"text-align: justify;\">Il SAPPE, infine, denuncia il rischio di depotenziamento del ruolo di Corpo di Polizia dello Stato per la Polizia Penitenziaria: \u201cIn questi ultimi anni abbiamo assistito ed assistiamo ad una serie continua di provvedimenti sbagliati e gravi, come ad esempio l\u2019imposizione dei numeri degli organici del Corpo negli Istituti e servizi penitenziari senza alcuna logica, la soppressione delle Centrali Operative Regionali della Polizia Penitenziaria \u2013 che controllano i trasporti dei detenuti in tutto il Paese sui mezzi del Corpo, i piantonamenti, i sistemi stessi di sicurezza delle carceri \u2013 che segue la scelta scellerata di chiudere sul territorio carceri e Provveditorati regionali dell\u2019amministrazione penitenziaria in ragione di supposte razionalizzazioni, oppure l\u2019affidamento a impiegati non appartenenti dunque al Corpo dell\u2019organizzazione dei corsi di formazione di Agente, Sovrintendente ed Ispettore e persino la titolarit\u00e0 della direzione di Scuola di formazione. Quasi ci fosse un progetto, a tavolino, per depotenziare il ruolo della Polizia Penitenziaria\u2026 E questo \u00e8 inaccettabile! Per questo confidiamo nel Ministro Bonafede ed auspichiamo di incontrarlo quanto prima: perch\u00e9 corregga e metta fine a questo continuo depotenziamento della Polizia Penitenziaria dal ruolo di Corpo di Polizia dello Stato\u201d.<div id=\"videoincontent\" style=\"clear:both\";><\/div><\/p>\n","protected":false},"excerpt":{"rendered":"<p>Momenti di alta tensione, questo pomeriggio, nel carcere di Barcellona Pozzo di Gotto. Si registrano 4 agenti penitenziari intossicati. \u201cColpa e conseguenza della protesta sconsiderata e incomprensibile di un detenuto, che ha appiccato un incendio nella cella dov\u2019era ristretto, dando fuoco a tutto al materasso che era all\u2019interno\u201d, spiega Donato Capece, segretario generale del\u00a0Sindacato Autonomo [&hellip;]<\/p>\n","protected":false},"author":2,"featured_media":15545,"comment_status":"closed","ping_status":"open","sticky":false,"template":"","format":"standard","meta":{"ub_ctt_via":"","_mi_skip_tracking":false},"categories":[19],"tags":[],"featured_image_src":"https:\/\/www.messinaoggi.it\/website\/wp-content\/uploads\/2018\/02\/carcere-barcellona-1.jpg","author_info":{"display_name":"Redazione","author_link":"https:\/\/www.messinaoggi.it\/website\/author\/redazione\/"},"digistream_id":0,"digistream":false,"_links":{"self":[{"href":"https:\/\/www.messinaoggi.it\/website\/wp-json\/wp\/v2\/posts\/33313"}],"collection":[{"href":"https:\/\/www.messinaoggi.it\/website\/wp-json\/wp\/v2\/posts"}],"about":[{"href":"https:\/\/www.messinaoggi.it\/website\/wp-json\/wp\/v2\/types\/post"}],"author":[{"embeddable":true,"href":"https:\/\/www.messinaoggi.it\/website\/wp-json\/wp\/v2\/users\/2"}],"replies":[{"embeddable":true,"href":"https:\/\/www.messinaoggi.it\/website\/wp-json\/wp\/v2\/comments?post=33313"}],"version-history":[{"count":0,"href":"https:\/\/www.messinaoggi.it\/website\/wp-json\/wp\/v2\/posts\/33313\/revisions"}],"wp:featuredmedia":[{"embeddable":true,"href":"https:\/\/www.messinaoggi.it\/website\/wp-json\/wp\/v2\/media\/15545"}],"wp:attachment":[{"href":"https:\/\/www.messinaoggi.it\/website\/wp-json\/wp\/v2\/media?parent=33313"}],"wp:term":[{"taxonomy":"category","embeddable":true,"href":"https:\/\/www.messinaoggi.it\/website\/wp-json\/wp\/v2\/categories?post=33313"},{"taxonomy":"post_tag","embeddable":true,"href":"https:\/\/www.messinaoggi.it\/website\/wp-json\/wp\/v2\/tags?post=33313"}],"curies":[{"name":"wp","href":"https:\/\/api.w.org\/{rel}","templated":true}]}}