{"id":33310,"date":"2019-06-01T16:35:05","date_gmt":"2019-06-01T14:35:05","guid":{"rendered":"https:\/\/www.messinaoggi.it\/website\/?p=33310"},"modified":"2019-06-01T16:35:05","modified_gmt":"2019-06-01T14:35:05","slug":"il-maggio-dei-libri-a-santa-lucia-del-mela-si-conclude-con-la-presentazione-del-volume-di-diego-celi-e-pino-privitera-tradimenti-e-politica","status":"publish","type":"post","link":"https:\/\/www.messinaoggi.it\/website\/2019\/06\/01\/il-maggio-dei-libri-a-santa-lucia-del-mela-si-conclude-con-la-presentazione-del-volume-di-diego-celi-e-pino-privitera-tradimenti-e-politica\/","title":{"rendered":"Il maggio dei libri, a Santa Lucia del Mela, si conclude con la presentazione del volume di Diego Celi e Pino Privitera Tradimenti e Politica"},"content":{"rendered":"<p>Ieri, nell\u2019ambito del Maggio dei Libri, dinanzi ad una saletta gremita di\u00a0 pubblico, nell\u2019Ex Carcere Borbonico di Santa Lucia del\u00a0 Mela \u00e8 stato presentato il volume\u00a0 dal titolo &#8220;Tradimenti e Politica&#8221; degli autori\u00a0 Diego Celi (chirurgo e gi\u00e0 docente presso l\u2019Universit\u00e0 di Padova)\u00a0 e Pino Privitera (ex dirigente della Regione Sicilia), edito da Lombardo.<br \/>\nA dialogare con gli autori\u00a0 \u00e8 stata la giornalista Katia Trifir\u00f2 che ha tracciato, attraverso un lungo excursus, i punti salienti del libro.\u00a0 Nell\u2019introduzione al libro gli autori scrivono: &#8220;<em>alla politica non \u00e8 richiesta\u00a0 una morale confessionale, ma principi e valori dalla cui osservanza dipendono convivenza, sicurezza, welfare, lavoro, rapporti internazionali, ossia l\u2019idea stessa di Stato.\u00a0 Questo il mondo della politica che quindi non \u00e8 avulsa da tradimenti&#8221;. <\/em><br \/>\nE ancora continuano\u00a0 gli autori: &#8220;<em>un\u00a0 politico deve essere fiero della carica a cui il popolo chiama, qualunque essa sia, e deve onorarla con la propria dedizione senza guardare ad interessi personali o di parte, cooperando con i colleghi, discutendo e dissentendo con gli avversari, ma evitando\u00a0 che le contrapposizioni pubbliche si\u00a0 trasformino in inimicizie private&#8221;.<\/em><br \/>\nA chiudere l\u2019incontro il Prof Francesco Pira, docente di \u00a0sociologia presso l\u2019Universit\u00e0 degli Studi di Messina, con poche, semplici parole:<em> &#8220;In questo libro\u00a0 \u00a0emerge la necessit\u00e0 di abbeverarsi di\u00a0 cultura, emerge la necessit\u00e0 di vivere quotidianamente una responsabilit\u00e0. Il tema \u00e8 la presenza, ma che sia una presenza responsabile perch\u00e9 \u00a0noi continuiamo ad essere cittadini irresponsabili, cittadini che non vivono la societ\u00e0. Nel libro viene citato l\u2019art. 49 della costituzione nel quale si parla del senso di comunit\u00e0. Citazione importantissima perch\u00e9 \u00a0noi ormai non viviamo pi\u00f9 le comunit\u00e0, noi viviamo la community. A questo riguardo \u00a0il libro ci pone davanti ad una riflessione serissima. Che cosa dobbiamo fare per tutelare la pedagogia istituzionale e quindi portare avanti il rispetto dell\u2019altro. Pirandello diceva che esistono tre verit\u00e0, la mia, quella dell\u2019altro e la verit\u00e0 oggettiva. Oggi per\u00f2 siamo arrivati alla quarta verit\u00e0 che \u00e8 quella dei social network e la verit\u00e0 dei social network scavalca qualunque verit\u00e0 precedentemente affermata e scavalca qualunque dimostrazione della verit\u00e0. \u2013 e conclude dicendo \u2013 Se \u00e8 vero che il mondo ha bisogno della politica \u00e8 anche vero che c\u2019\u00e8 bisogno di buona politica, quella politica che si mette al servizio degli altri&#8221;. \u00a0<\/em><div id=\"div-gpt-ad-Messinaoggi.it-DSK-300x250-corpoart\" style=\"text-align:center;margin:0 auto;\"><\/div><\/p>\n<div id=\"videoincontent\" style=\"clear:both\";><\/div>","protected":false},"excerpt":{"rendered":"<p>Ieri, nell\u2019ambito del Maggio dei Libri, dinanzi ad una saletta gremita di\u00a0 pubblico, nell\u2019Ex Carcere Borbonico di Santa Lucia del\u00a0 Mela \u00e8 stato presentato il volume\u00a0 dal titolo &#8220;Tradimenti e Politica&#8221; degli autori\u00a0 Diego Celi (chirurgo e gi\u00e0 docente presso l\u2019Universit\u00e0 di Padova)\u00a0 e Pino Privitera (ex dirigente della Regione Sicilia), edito da Lombardo. A [&hellip;]<\/p>\n","protected":false},"author":5,"featured_media":33311,"comment_status":"closed","ping_status":"open","sticky":false,"template":"","format":"standard","meta":{"ub_ctt_via":"","_mi_skip_tracking":false},"categories":[16,4],"tags":[],"featured_image_src":"https:\/\/www.messinaoggi.it\/website\/wp-content\/uploads\/2019\/06\/20190531_183438.jpg","author_info":{"display_name":"Maria Antonella Saia","author_link":"https:\/\/www.messinaoggi.it\/website\/author\/m-saia\/"},"digistream_id":0,"digistream":false,"_links":{"self":[{"href":"https:\/\/www.messinaoggi.it\/website\/wp-json\/wp\/v2\/posts\/33310"}],"collection":[{"href":"https:\/\/www.messinaoggi.it\/website\/wp-json\/wp\/v2\/posts"}],"about":[{"href":"https:\/\/www.messinaoggi.it\/website\/wp-json\/wp\/v2\/types\/post"}],"author":[{"embeddable":true,"href":"https:\/\/www.messinaoggi.it\/website\/wp-json\/wp\/v2\/users\/5"}],"replies":[{"embeddable":true,"href":"https:\/\/www.messinaoggi.it\/website\/wp-json\/wp\/v2\/comments?post=33310"}],"version-history":[{"count":0,"href":"https:\/\/www.messinaoggi.it\/website\/wp-json\/wp\/v2\/posts\/33310\/revisions"}],"wp:featuredmedia":[{"embeddable":true,"href":"https:\/\/www.messinaoggi.it\/website\/wp-json\/wp\/v2\/media\/33311"}],"wp:attachment":[{"href":"https:\/\/www.messinaoggi.it\/website\/wp-json\/wp\/v2\/media?parent=33310"}],"wp:term":[{"taxonomy":"category","embeddable":true,"href":"https:\/\/www.messinaoggi.it\/website\/wp-json\/wp\/v2\/categories?post=33310"},{"taxonomy":"post_tag","embeddable":true,"href":"https:\/\/www.messinaoggi.it\/website\/wp-json\/wp\/v2\/tags?post=33310"}],"curies":[{"name":"wp","href":"https:\/\/api.w.org\/{rel}","templated":true}]}}