{"id":33307,"date":"2019-06-01T11:16:30","date_gmt":"2019-06-01T09:16:30","guid":{"rendered":"https:\/\/www.messinaoggi.it\/website\/?p=33307"},"modified":"2019-06-01T11:16:30","modified_gmt":"2019-06-01T09:16:30","slug":"lassociazione-fare-per-cambiare-sospende-la-propria-attivita","status":"publish","type":"post","link":"https:\/\/www.messinaoggi.it\/website\/2019\/06\/01\/lassociazione-fare-per-cambiare-sospende-la-propria-attivita\/","title":{"rendered":"L&#039;associazione Fare per Cambiare sospende la propria attivit\u00e0"},"content":{"rendered":"<p>Dal primo giugno l\u2019associazione messinese Fare per Cambiare sospender\u00e0 ogni sua attivit\u00e0 di tipo politico e sociale, compresi gli impegni gi\u00e0 presi e programmati quali la partecipazione al Pride dello Stretto del prossimo 8 giugno e all&#8217;evento &#8220;Messina Partecipa&#8221; del prossimo 14 giugno.<br \/>\n\u201c<em>La scelta<\/em> \u2013 si legge in una nota dell\u2019associazione &#8211; <em>arriva a seguito di insanabili divergenze emerse all&#8217;interno del gruppo direttivo con particolare riguardo all&#8217;atteggiamento tenuto dai membri Andrea Giannino (dimessosi in data 17\/05\/2019), Costanza Pizzo (dimessa il 24\/05\/2019) e Fabrizio Manfredi, che hanno reso impossibile al gruppo di maggioranza proseguire i lavori assembleari per pi\u00f9 assemblee consecutive, le figure cui sopra hanno inoltre mancato diversi obblighi sanciti dallo Statuto, rendendo impossibile l&#8217;attivit\u00e0.\u00a0<\/em><br \/>\n\u201c<em>Il Direttivo nelle persone di: Alfredo Mangano (Coordinatore), Davide Ciraolo (Membro della Commissione Social Media), Miriam Farhane (Portavoce Commissione Pari opportunit\u00e0), Fatima Ezzahra Ban El Haq (Membro Commissione Pari opportunit\u00e0) ha deliberato pertanto di sospendere il Responsabile Contabile Fabrizio Manfredi e contestualmente di \u2018congelare\u2019 l&#8217;associazione a tempo indeterminato, bloccando dunque ogni sua attivit\u00e0; a seguito di tale congelamento le persone facenti parte del Direttivo rimangono nominalmente incaricate ma fattualmente svincolate da Fare Per Cambiare, salvo eventuali riprese dell&#8217;attivit\u00e0 deliberate dal Direttivo attualmente in carica<\/em>\u201d.<div id=\"div-gpt-ad-Messinaoggi.it-DSK-300x250-corpoart\" style=\"text-align:center;margin:0 auto;\"><\/div><\/p>\n<div id=\"videoincontent\" style=\"clear:both\";><\/div>","protected":false},"excerpt":{"rendered":"<p>Dal primo giugno l\u2019associazione messinese Fare per Cambiare sospender\u00e0 ogni sua attivit\u00e0 di tipo politico e sociale, compresi gli impegni gi\u00e0 presi e programmati quali la partecipazione al Pride dello Stretto del prossimo 8 giugno e all&#8217;evento &#8220;Messina Partecipa&#8221; del prossimo 14 giugno. \u201cLa scelta \u2013 si legge in una nota dell\u2019associazione &#8211; arriva a [&hellip;]<\/p>\n","protected":false},"author":8,"featured_media":33308,"comment_status":"closed","ping_status":"open","sticky":false,"template":"","format":"standard","meta":{"ub_ctt_via":"","_mi_skip_tracking":false},"categories":[4],"tags":[],"featured_image_src":"https:\/\/www.messinaoggi.it\/website\/wp-content\/uploads\/2019\/06\/fare-per-cambiare.jpg","author_info":{"display_name":"red..me","author_link":"https:\/\/www.messinaoggi.it\/website\/author\/redstage\/"},"digistream_id":0,"digistream":false,"_links":{"self":[{"href":"https:\/\/www.messinaoggi.it\/website\/wp-json\/wp\/v2\/posts\/33307"}],"collection":[{"href":"https:\/\/www.messinaoggi.it\/website\/wp-json\/wp\/v2\/posts"}],"about":[{"href":"https:\/\/www.messinaoggi.it\/website\/wp-json\/wp\/v2\/types\/post"}],"author":[{"embeddable":true,"href":"https:\/\/www.messinaoggi.it\/website\/wp-json\/wp\/v2\/users\/8"}],"replies":[{"embeddable":true,"href":"https:\/\/www.messinaoggi.it\/website\/wp-json\/wp\/v2\/comments?post=33307"}],"version-history":[{"count":0,"href":"https:\/\/www.messinaoggi.it\/website\/wp-json\/wp\/v2\/posts\/33307\/revisions"}],"wp:featuredmedia":[{"embeddable":true,"href":"https:\/\/www.messinaoggi.it\/website\/wp-json\/wp\/v2\/media\/33308"}],"wp:attachment":[{"href":"https:\/\/www.messinaoggi.it\/website\/wp-json\/wp\/v2\/media?parent=33307"}],"wp:term":[{"taxonomy":"category","embeddable":true,"href":"https:\/\/www.messinaoggi.it\/website\/wp-json\/wp\/v2\/categories?post=33307"},{"taxonomy":"post_tag","embeddable":true,"href":"https:\/\/www.messinaoggi.it\/website\/wp-json\/wp\/v2\/tags?post=33307"}],"curies":[{"name":"wp","href":"https:\/\/api.w.org\/{rel}","templated":true}]}}