{"id":33293,"date":"2019-06-01T09:04:05","date_gmt":"2019-06-01T07:04:05","guid":{"rendered":"https:\/\/www.messinaoggi.it\/website\/?p=33293"},"modified":"2019-06-01T09:04:05","modified_gmt":"2019-06-01T07:04:05","slug":"elezioni-citta-metropolitane-pd-messina-nessuna-correlazione-fra-stop-elezioni-e-crisi-enti","status":"publish","type":"post","link":"https:\/\/www.messinaoggi.it\/website\/2019\/06\/01\/elezioni-citta-metropolitane-pd-messina-nessuna-correlazione-fra-stop-elezioni-e-crisi-enti\/","title":{"rendered":"Elezioni Citt\u00e0 Metropolitane, Pd Messina: &quot;Nessuna correlazione fra stop elezioni e crisi Enti&quot;"},"content":{"rendered":"<p class=\"p1\"><span class=\"s1\">Anche il partito democratico di Messina interviene sulla elezioni di secondo grado per liberi consorzi e citt\u00e0 metropolitane previste per il 30 giugno 2019 ed allo stato slittate al 2020 per effetto dell\u2019approvazione di un emendamento da parte dell\u2019ARS, firmato dai capigruppo del centro destra Lo Giudice, Lo Curto, Catalfamo, Pullara, Figuccia, e D&#8217;Agostino irretiti, tra l\u2019altro, anche dalle opinioni poco condivisibili del Sindaco De Luca.<\/span><div id=\"div-gpt-ad-Messinaoggi.it-DSK-300x250-corpoart\" style=\"text-align:center;margin:0 auto;\"><\/div><\/p>\n<p class=\"p1\"><span class=\"s1\">&#8220;Risulta, infatti, priva di qualsiasi fondamento l\u2019asserita correlazione tra la data delle elezioni e la crisi finanziaria degli enti intermedi. Al contrario il ripristino dopo 7 anni degli organi ordinari dell\u2019ente pu\u00f2 solo agevolare la risoluzione delle problematiche finanziarie.\u00a0<\/span><span class=\"s1\">In realt\u00e0 il nervosismo e l&#8217;agitazione di De Luca, oltre che alla recente sconfitta elettorale, sono da attribuire al vero motivo per il quale sta tentando disperatamente di impedire la democratica ricostituzione degli organi della citt\u00e0 metropolitana di Messina: quello di continuare a gestire gli ingenti fondi della Citt\u00e0 Metropolitana indisturbato da uomo solo al comando, senza contrappesi e senza confronto democratico al quale \u00e8 notoriamente allergico. Se questa \u00e8 la sua idea sappia che il partito democratico si batter\u00e0 per contrastarla. Il periodo di messa alla prova \u00e8 finito. De Luca cambi passo ed atteggiamento. Messina ha bisogno di ben altro e soprattutto di rispetto verso le istituzioni e chi dovrebbe rappresentarle&#8221;.<\/span><div id=\"videoincontent\" style=\"clear:both\";><\/div><\/p>\n<p>E&#8217; quanto si legge in una nota del Pd Messina.<\/p>\n","protected":false},"excerpt":{"rendered":"<p>Anche il partito democratico di Messina interviene sulla elezioni di secondo grado per liberi consorzi e citt\u00e0 metropolitane previste per il 30 giugno 2019 ed allo stato slittate al 2020 per effetto dell\u2019approvazione di un emendamento da parte dell\u2019ARS, firmato dai capigruppo del centro destra Lo Giudice, Lo Curto, Catalfamo, Pullara, Figuccia, e D&#8217;Agostino irretiti, [&hellip;]<\/p>\n","protected":false},"author":2,"featured_media":3306,"comment_status":"closed","ping_status":"open","sticky":false,"template":"","format":"standard","meta":{"ub_ctt_via":"","_mi_skip_tracking":false},"categories":[4],"tags":[],"featured_image_src":"https:\/\/www.messinaoggi.it\/website\/wp-content\/uploads\/2017\/06\/Pd-bandiere-2.jpg","author_info":{"display_name":"Redazione","author_link":"https:\/\/www.messinaoggi.it\/website\/author\/redazione\/"},"digistream_id":0,"digistream":false,"_links":{"self":[{"href":"https:\/\/www.messinaoggi.it\/website\/wp-json\/wp\/v2\/posts\/33293"}],"collection":[{"href":"https:\/\/www.messinaoggi.it\/website\/wp-json\/wp\/v2\/posts"}],"about":[{"href":"https:\/\/www.messinaoggi.it\/website\/wp-json\/wp\/v2\/types\/post"}],"author":[{"embeddable":true,"href":"https:\/\/www.messinaoggi.it\/website\/wp-json\/wp\/v2\/users\/2"}],"replies":[{"embeddable":true,"href":"https:\/\/www.messinaoggi.it\/website\/wp-json\/wp\/v2\/comments?post=33293"}],"version-history":[{"count":0,"href":"https:\/\/www.messinaoggi.it\/website\/wp-json\/wp\/v2\/posts\/33293\/revisions"}],"wp:featuredmedia":[{"embeddable":true,"href":"https:\/\/www.messinaoggi.it\/website\/wp-json\/wp\/v2\/media\/3306"}],"wp:attachment":[{"href":"https:\/\/www.messinaoggi.it\/website\/wp-json\/wp\/v2\/media?parent=33293"}],"wp:term":[{"taxonomy":"category","embeddable":true,"href":"https:\/\/www.messinaoggi.it\/website\/wp-json\/wp\/v2\/categories?post=33293"},{"taxonomy":"post_tag","embeddable":true,"href":"https:\/\/www.messinaoggi.it\/website\/wp-json\/wp\/v2\/tags?post=33293"}],"curies":[{"name":"wp","href":"https:\/\/api.w.org\/{rel}","templated":true}]}}