{"id":33278,"date":"2019-06-03T07:00:02","date_gmt":"2019-06-03T05:00:02","guid":{"rendered":"https:\/\/www.messinaoggi.it\/website\/?p=33278"},"modified":"2019-06-03T07:00:02","modified_gmt":"2019-06-03T05:00:02","slug":"festa-madonna-della-lettera-la-viabilita","status":"publish","type":"post","link":"https:\/\/www.messinaoggi.it\/website\/2019\/06\/03\/festa-madonna-della-lettera-la-viabilita\/","title":{"rendered":"Festa Madonna della Lettera: la viabilit\u00e0"},"content":{"rendered":"<p class=\"p1\"><span class=\"s1\">Oggi, in occasione della festivit\u00e0 della Madonna della Lettera, protettrice della citt\u00e0 di Messina, si svolger\u00e0 la tradizionale processione del simulacro in argento, opera dello scultore messinese Lio Gangeri, niellata dal romano Pietro Calvi.<\/span><div id=\"div-gpt-ad-Messinaoggi.it-DSK-300x250-corpoart\" style=\"text-align:center;margin:0 auto;\"><\/div><\/p>\n<p class=\"p1\"><span class=\"s1\">La processione, che partir\u00e0 alle ore 18 da piazza Duomo, percorrer\u00e0 corso Cavour, le vie Tommaso Cannizzaro e Garibaldi, carreggiata lato monte, via I Settembre e piazza Duomo. Pertanto sar\u00e0 vietato il transito, per il tempo strettamente necessario al passaggio della statua argentea della Madonna, sul corso Cavour, nel tratto compreso tra piazza Duomo e via Tommaso Cannizzaro; e nelle vie Tommaso Cannizzaro, tra corso Cavour e via Garibaldi; Garibaldi, carreggiata lato monte, tra le vie Tommaso Cannizzaro e I Settembre, e I Settembre, tra via Garibaldi e piazza Duomo.<\/span><div id=\"videoincontent\" style=\"clear:both\";><\/div><\/p>\n<p class=\"p1\"><span class=\"s1\">Dalle 8 alle 24, sempre di luned\u00ec, sar\u00e0 vietata la sosta nell\u2019area di parcheggio degli autobus, compresa tra piazza Duomo e il corso Cavour, ed in via I Settembre, lato sud, tra le vie Cesare Battisti e Garibaldi. Per consentire il passaggio del corteo religioso, saranno aperti i varchi con rimozione dei paletti dissuasori, in piazza Duomo, lato corso Cavour, ed in via I Settembre, in corrispondenza dell\u2019intersezione con via Cesare Battisti; e dalle 16 sino a circolazione normalizzata, su indicazione della Polizia Municipale, sar\u00e0 istituito il doppio senso di circolazione in via Garibaldi, carreggiata lato est, tra via I Settembre e largo S. Giacomo.<\/span><\/p>\n","protected":false},"excerpt":{"rendered":"<p>Oggi, in occasione della festivit\u00e0 della Madonna della Lettera, protettrice della citt\u00e0 di Messina, si svolger\u00e0 la tradizionale processione del simulacro in argento, opera dello scultore messinese Lio Gangeri, niellata dal romano Pietro Calvi. La processione, che partir\u00e0 alle ore 18 da piazza Duomo, percorrer\u00e0 corso Cavour, le vie Tommaso Cannizzaro e Garibaldi, carreggiata lato [&hellip;]<\/p>\n","protected":false},"author":2,"featured_media":8924,"comment_status":"closed","ping_status":"open","sticky":false,"template":"","format":"standard","meta":{"ub_ctt_via":"","_mi_skip_tracking":false},"categories":[5],"tags":[],"featured_image_src":"https:\/\/www.messinaoggi.it\/website\/wp-content\/uploads\/2017\/10\/Stele-della-Madonna-della-Lettera-2.jpg","author_info":{"display_name":"Redazione","author_link":"https:\/\/www.messinaoggi.it\/website\/author\/redazione\/"},"digistream_id":0,"digistream":false,"_links":{"self":[{"href":"https:\/\/www.messinaoggi.it\/website\/wp-json\/wp\/v2\/posts\/33278"}],"collection":[{"href":"https:\/\/www.messinaoggi.it\/website\/wp-json\/wp\/v2\/posts"}],"about":[{"href":"https:\/\/www.messinaoggi.it\/website\/wp-json\/wp\/v2\/types\/post"}],"author":[{"embeddable":true,"href":"https:\/\/www.messinaoggi.it\/website\/wp-json\/wp\/v2\/users\/2"}],"replies":[{"embeddable":true,"href":"https:\/\/www.messinaoggi.it\/website\/wp-json\/wp\/v2\/comments?post=33278"}],"version-history":[{"count":0,"href":"https:\/\/www.messinaoggi.it\/website\/wp-json\/wp\/v2\/posts\/33278\/revisions"}],"wp:featuredmedia":[{"embeddable":true,"href":"https:\/\/www.messinaoggi.it\/website\/wp-json\/wp\/v2\/media\/8924"}],"wp:attachment":[{"href":"https:\/\/www.messinaoggi.it\/website\/wp-json\/wp\/v2\/media?parent=33278"}],"wp:term":[{"taxonomy":"category","embeddable":true,"href":"https:\/\/www.messinaoggi.it\/website\/wp-json\/wp\/v2\/categories?post=33278"},{"taxonomy":"post_tag","embeddable":true,"href":"https:\/\/www.messinaoggi.it\/website\/wp-json\/wp\/v2\/tags?post=33278"}],"curies":[{"name":"wp","href":"https:\/\/api.w.org\/{rel}","templated":true}]}}