{"id":33250,"date":"2019-05-31T10:07:41","date_gmt":"2019-05-31T08:07:41","guid":{"rendered":"https:\/\/www.messinaoggi.it\/website\/?p=33250"},"modified":"2019-05-31T10:07:41","modified_gmt":"2019-05-31T08:07:41","slug":"elezioni-citta-metropolitane-calderone-musumeci-ha-ragione-niente-rinvio","status":"publish","type":"post","link":"https:\/\/www.messinaoggi.it\/website\/2019\/05\/31\/elezioni-citta-metropolitane-calderone-musumeci-ha-ragione-niente-rinvio\/","title":{"rendered":"Elezioni Citt\u00e0 Metropolitane, Calderone: &quot;Musumeci ha ragione, niente rinvio&quot;"},"content":{"rendered":"<p style=\"text-align: justify;\">Il rinvio delle elezioni delle Citt\u00e0 Metropolitane di Sicilia sta scatenando un vespaio di polemiche. Il governatore Nello Musumeci ha detto che \u00e8 importante che si voti subito e su questo argomento, sostenendo la tesi del presidente della Regione Sicilia, interviene il deputato regionale Tommaso Calderone.<div id=\"div-gpt-ad-Messinaoggi.it-DSK-300x250-corpoart\" style=\"text-align:center;margin:0 auto;\"><\/div><\/p>\n<p class=\"p1\" style=\"text-align: justify;\"><span class=\"s1\">&#8220;A seguito delle dichiarazioni del Presidente della Regione, Nello Musumeci, che esprimono contrariet\u00e0 per il rinvio delle elezioni provinciali, noi come Forza Italia, siamo pronti a votare l\u2019emendamento proposto dal Governo per il ripristino delle elezioni: \u00e8 giusto che si vada subito al voto\u201d. A riferirlo \u00e8 il deputato di Forza Italia all\u2019Assemblea Regionale Siciliana, on. Tommaso Calderone.<\/span><div id=\"videoincontent\" style=\"clear:both\";><\/div><\/p>\n<p class=\"p1\" style=\"text-align: justify;\"><span class=\"s1\">\u201cLo scorso mercoled\u00ec &#8211; conclude il Parlamentare &#8211; ero gi\u00e0 intervenuto in Aula a nome del partito per manifestare la contrariet\u00e0 per un emendamento che prevedeva il rinvio al 2020 delle elezioni per gli Enti intermedi. La permanenza del commissariamento per un altro anno, sarebbe per loro dannosa oltre che controproducente\u201d. <\/span><\/p>\n","protected":false},"excerpt":{"rendered":"<p>Il rinvio delle elezioni delle Citt\u00e0 Metropolitane di Sicilia sta scatenando un vespaio di polemiche. Il governatore Nello Musumeci ha detto che \u00e8 importante che si voti subito e su questo argomento, sostenendo la tesi del presidente della Regione Sicilia, interviene il deputato regionale Tommaso Calderone. &#8220;A seguito delle dichiarazioni del Presidente della Regione, Nello [&hellip;]<\/p>\n","protected":false},"author":2,"featured_media":29301,"comment_status":"closed","ping_status":"open","sticky":false,"template":"","format":"standard","meta":{"ub_ctt_via":"","_mi_skip_tracking":false},"categories":[4],"tags":[],"featured_image_src":"https:\/\/www.messinaoggi.it\/website\/wp-content\/uploads\/2019\/02\/tommaso-calderone.jpg","author_info":{"display_name":"Redazione","author_link":"https:\/\/www.messinaoggi.it\/website\/author\/redazione\/"},"digistream_id":0,"digistream":false,"_links":{"self":[{"href":"https:\/\/www.messinaoggi.it\/website\/wp-json\/wp\/v2\/posts\/33250"}],"collection":[{"href":"https:\/\/www.messinaoggi.it\/website\/wp-json\/wp\/v2\/posts"}],"about":[{"href":"https:\/\/www.messinaoggi.it\/website\/wp-json\/wp\/v2\/types\/post"}],"author":[{"embeddable":true,"href":"https:\/\/www.messinaoggi.it\/website\/wp-json\/wp\/v2\/users\/2"}],"replies":[{"embeddable":true,"href":"https:\/\/www.messinaoggi.it\/website\/wp-json\/wp\/v2\/comments?post=33250"}],"version-history":[{"count":0,"href":"https:\/\/www.messinaoggi.it\/website\/wp-json\/wp\/v2\/posts\/33250\/revisions"}],"wp:featuredmedia":[{"embeddable":true,"href":"https:\/\/www.messinaoggi.it\/website\/wp-json\/wp\/v2\/media\/29301"}],"wp:attachment":[{"href":"https:\/\/www.messinaoggi.it\/website\/wp-json\/wp\/v2\/media?parent=33250"}],"wp:term":[{"taxonomy":"category","embeddable":true,"href":"https:\/\/www.messinaoggi.it\/website\/wp-json\/wp\/v2\/categories?post=33250"},{"taxonomy":"post_tag","embeddable":true,"href":"https:\/\/www.messinaoggi.it\/website\/wp-json\/wp\/v2\/tags?post=33250"}],"curies":[{"name":"wp","href":"https:\/\/api.w.org\/{rel}","templated":true}]}}