{"id":33154,"date":"2019-05-30T10:55:19","date_gmt":"2019-05-30T08:55:19","guid":{"rendered":"https:\/\/www.messinaoggi.it\/website\/?p=33154"},"modified":"2019-05-30T10:55:19","modified_gmt":"2019-05-30T08:55:19","slug":"vertenza-auchan-sma-flauto-uil-tucs-garantire-prima-di-tutto-i-lavoratori","status":"publish","type":"post","link":"https:\/\/www.messinaoggi.it\/website\/2019\/05\/30\/vertenza-auchan-sma-flauto-uil-tucs-garantire-prima-di-tutto-i-lavoratori\/","title":{"rendered":"Vertenza Auchan-Sma, Flauto (Uil-Tucs): &quot;Garantire prima di tutto i lavoratori&quot;"},"content":{"rendered":"<p class=\"p1\" style=\"text-align: justify;\"><span class=\"s1\">&#8220;Non accetteremo proposte imprenditoriali che non garantiranno tutti i lavoratori comprese le sedi e la logistica&#8221;. Lo afferma <strong>Marianna Flauto<\/strong>, segretario generale della Uiltucs Sicilia, commentando l&#8217;incontro di ieri al ministero dello Sviluppo economico sulle questioni relative all&#8217;acquisizione dei supermercati Auchan da parte di Conad e il futuro dei supermercati Sma.<\/span><div id=\"div-gpt-ad-Messinaoggi.it-DSK-300x250-corpoart\" style=\"text-align:center;margin:0 auto;\"><\/div><\/p>\n<p class=\"p1\" style=\"text-align: justify;\"><span class=\"s1\">&#8220;Le preoccupazioni dopo l&#8217;incontro al Mise crescono &#8211; dice Flauto &#8211; per gli ipermercati Auchan siciliani non c&#8217;\u00e8 nessuna certezza sulla garanzia di tutti i livelli occupazionali e nessuna certezza sui soggetti giuridici che gestiranno gli ipermercati in Sicilia. Sembrerebbe che siano coinvolti soggetti diversi ed \u00e8 praticamente certo lo spezzatino. Anche per i lavoratori Sma nutriamo forte preoccupazione, dopo l&#8217;esclusione dal piano Conad si parla del Gruppo Arena, ma da questo progetto sembrano esclusi alcuni negozi, la \u00a0sede di Misterbianco e la logistica. Non accetteremo proposte imprenditoriali che non garantiranno tutti i lavoratori comprese sedi e logistica, il patrimonio di risorse umane di questo bacino \u00e8 costituito da lavoratori molto qualificati e professionali ed \u00e8 un patrimonio che non pu\u00f2 \u00a0e non deve essere disperso. Abbiamo accolto positivamente la proposta del Mise di riconvocare il tavolo il 20 giugno prossimo tenendo lo sguardo rivolto su questa operazione con attenzione sulla questione siciliana&#8221;.<\/span><div id=\"videoincontent\" style=\"clear:both\";><\/div><\/p>\n","protected":false},"excerpt":{"rendered":"<p>&#8220;Non accetteremo proposte imprenditoriali che non garantiranno tutti i lavoratori comprese le sedi e la logistica&#8221;. Lo afferma Marianna Flauto, segretario generale della Uiltucs Sicilia, commentando l&#8217;incontro di ieri al ministero dello Sviluppo economico sulle questioni relative all&#8217;acquisizione dei supermercati Auchan da parte di Conad e il futuro dei supermercati Sma. &#8220;Le preoccupazioni dopo l&#8217;incontro [&hellip;]<\/p>\n","protected":false},"author":2,"featured_media":33158,"comment_status":"closed","ping_status":"open","sticky":false,"template":"","format":"standard","meta":{"ub_ctt_via":"","_mi_skip_tracking":false},"categories":[6],"tags":[],"featured_image_src":"https:\/\/www.messinaoggi.it\/website\/wp-content\/uploads\/2019\/05\/marianna-flauto.jpg","author_info":{"display_name":"Redazione","author_link":"https:\/\/www.messinaoggi.it\/website\/author\/redazione\/"},"digistream_id":0,"digistream":false,"_links":{"self":[{"href":"https:\/\/www.messinaoggi.it\/website\/wp-json\/wp\/v2\/posts\/33154"}],"collection":[{"href":"https:\/\/www.messinaoggi.it\/website\/wp-json\/wp\/v2\/posts"}],"about":[{"href":"https:\/\/www.messinaoggi.it\/website\/wp-json\/wp\/v2\/types\/post"}],"author":[{"embeddable":true,"href":"https:\/\/www.messinaoggi.it\/website\/wp-json\/wp\/v2\/users\/2"}],"replies":[{"embeddable":true,"href":"https:\/\/www.messinaoggi.it\/website\/wp-json\/wp\/v2\/comments?post=33154"}],"version-history":[{"count":0,"href":"https:\/\/www.messinaoggi.it\/website\/wp-json\/wp\/v2\/posts\/33154\/revisions"}],"wp:featuredmedia":[{"embeddable":true,"href":"https:\/\/www.messinaoggi.it\/website\/wp-json\/wp\/v2\/media\/33158"}],"wp:attachment":[{"href":"https:\/\/www.messinaoggi.it\/website\/wp-json\/wp\/v2\/media?parent=33154"}],"wp:term":[{"taxonomy":"category","embeddable":true,"href":"https:\/\/www.messinaoggi.it\/website\/wp-json\/wp\/v2\/categories?post=33154"},{"taxonomy":"post_tag","embeddable":true,"href":"https:\/\/www.messinaoggi.it\/website\/wp-json\/wp\/v2\/tags?post=33154"}],"curies":[{"name":"wp","href":"https:\/\/api.w.org\/{rel}","templated":true}]}}