{"id":33145,"date":"2019-05-30T08:47:15","date_gmt":"2019-05-30T06:47:15","guid":{"rendered":"https:\/\/www.messinaoggi.it\/website\/?p=33145"},"modified":"2019-05-30T08:47:15","modified_gmt":"2019-05-30T06:47:15","slug":"meteo-due-giorni-di-bel-tempo-poi-un-fine-settimana-coperto","status":"publish","type":"post","link":"https:\/\/www.messinaoggi.it\/website\/2019\/05\/30\/meteo-due-giorni-di-bel-tempo-poi-un-fine-settimana-coperto\/","title":{"rendered":"Meteo, due giorni di bel tempo poi un fine settimana coperto"},"content":{"rendered":"<p class=\"p1\"><span class=\"s1\">In queste ultime ore, la Sicilia \u00e8 impantanata in una sorta di maremma barica, con una totale diserzione azzorriana che non permette la realizzazione di una sequela di giornate serene, senza decadimenti uggiosi.<\/span><div id=\"div-gpt-ad-Messinaoggi.it-DSK-300x250-corpoart\" style=\"text-align:center;margin:0 auto;\"><\/div><\/p>\n<p class=\"p1\"><span class=\"s1\">Sia ben chiaro, nessuna seria perturbazione sta rincorrendo la nostra isola e le isolate precipitazioni odierne sono imputabili ad un umido flusso occidentale in quota. La totale assenza di irruzioni fredde a 500 hpa ha precluso ogni moto convettivo, con la nuvolosit\u00e0 sfrangiata che non \u00e8 mai stata in grado di tramutarsi in cumulonembi, proprio per la penuria di gradiente verticale. Risultato? Pioggerelline londinesi fangose poco gradite e soprattutto di poco poco e poco apprezzabili, che non potranno mai giovare ad approvigionare adeguatamente le falde acquifere in vista del seccume estivo. Quanto servirebbe un bel temporalone!<\/span><div id=\"videoincontent\" style=\"clear:both\";><\/div><\/p>\n<p class=\"p1\"><span class=\"s1\">Dando uno sguardo alle emissioni modellistiche, si pu\u00f2 osservare come la nostra regione sia discretamente immunizzata da un campo barico non ben strutturato ( 572 dam), che pur non supportato da una coriacea corazza altopressoria, riuscir\u00e0 a tenere in vita una appagante stabilit\u00e0 per altre 48 h.<\/span><\/p>\n<p class=\"p1\"><span class=\"s1\">Tuttavia, lungo l&#8217;orizzontamento meridiano, si far\u00e0 largo una breccia barica ( cut off) con una -20 a 500 hpa che soltanto durante il prossimo week end potrebbe inventare qualcosa di convettivo ( congesti diurni e qualche cumulonembo marittimo serale).<\/span><\/p>\n<p class=\"p1\"><span class=\"s1\">Con questo quadro, giovedi e venerdi sar\u00e0 tutto quieto e in stallo, con qualche innocuo cirro giovedi mattina, che gi\u00e0 dal primo pomeriggio sar\u00e0 domato da ampi rasserenamenti.<\/span><\/p>\n<p class=\"p1\"><span class=\"s1\">Anche venerdi il tempo sar\u00e0 sostanzialmente stabile e prevalentemente soleggiato lungo le aree costiere, con l&#8217;evenizienza di una modestissima cumulo genesi avvettiva interna.<\/span><\/p>\n<p class=\"p1\"><span class=\"s1\">Sabato, il &#8220;disco&#8221; depressionario isolato dal flusso perturbato principale, graviter\u00e0 con il suo asse su Puglia, Basilicata e Calabria, interessando molto marginalmente soltanto la Sicilia orientale e l&#8217;area di Scilla e Cariddi.<\/span><\/p>\n<p class=\"p1\"><span class=\"s1\">La blanda anomalia negativa di gpt instaurerebbe condizioni di relativa instabilit\u00e0 diurna, con cielo che spazierebbe dal parzialmente all&#8217;irregolarmente nuvoloso, senza fenomeni fuori dal comune. Soltanto dopo il tramonto, la -20 a 500 hpa potrebbe forgiare dei cumulonembi marittimi, che potrebbero serpeggiare fra Stromboli, Vibo Valentia e la zona nord che sovrasta il versante settentrionale dello Stretto. Da non escludere rovesci termo-convettivi pomeridiani.<\/span><\/p>\n<p class=\"p1\"><span class=\"s1\">Giovedi e venerdi, il regime termico sar\u00e0 statico e senza scossoni, con massime che non valicheranno mai i 17-18\u00b0 all&#8217;ombra, in relativo calo soltanto venerdi mattina.<\/span><\/p>\n<p class=\"p1\"><span class=\"s1\">Durante il week end, lo scarto termico rispetto ai giorni precedenti non sar\u00e0 assolutamente da shock termico e particolarmente drastico. Ma nelle ore serali, sar\u00e0 opportuno coprirsi adeguatamente.<\/span><\/p>\n<p class=\"p1\"><span class=\"s1\">Tutti i nostri bacini si manterranno balneabili, con un docile vento cavaliere strettese (NE) che potrebbe increspare lievemente questo bacino soltanto sull&#8217;imboccatura meridionale.<\/span><\/p>\n<p class=\"p1\"><span class=\"s1\">Il tasso dell&#8217;Ur far\u00e0 segnare valori medi compresi fra il 40 e l&#8217;80 %.<\/span><\/p>\n<p class=\"p1\"><span class=\"s1\">Le tendenze del tempo a medio termine prefigurano che questa veniale sbavatura (nessuna perturbazione in vista) della bella stagione potrebbe essere seguita da una bella reazione dell&#8217;hp subtropicale. Una vasta ondulazione ciclonica pender\u00e0 sulla penisola iberica e suddetta dinamica ( da confermare) porr\u00e0 la Sicilia lungo il ramo ascendente, che rimonterebbe sul bacino centrale del Mediterraneo. Si tratterebbe del primo importante esordio estivo, ma i mari ancora molto freschi saranno di grandissimo aiuto. Nessuna ondata di calore strettese imminente.Nei prossimi giorni sar\u00e0 pi\u00f9 preciso. Un grazie di cuore e arrivederci.<\/span><\/p>\n<p style=\"text-align: right;\"><strong>Alessio Campobello<\/strong><\/p>\n","protected":false},"excerpt":{"rendered":"<p>In queste ultime ore, la Sicilia \u00e8 impantanata in una sorta di maremma barica, con una totale diserzione azzorriana che non permette la realizzazione di una sequela di giornate serene, senza decadimenti uggiosi. Sia ben chiaro, nessuna seria perturbazione sta rincorrendo la nostra isola e le isolate precipitazioni odierne sono imputabili ad un umido flusso [&hellip;]<\/p>\n","protected":false},"author":2,"featured_media":33146,"comment_status":"closed","ping_status":"open","sticky":false,"template":"","format":"standard","meta":{"ub_ctt_via":"","_mi_skip_tracking":false},"categories":[6],"tags":[],"featured_image_src":"https:\/\/www.messinaoggi.it\/website\/wp-content\/uploads\/2019\/05\/gfs-0-72.png","author_info":{"display_name":"Redazione","author_link":"https:\/\/www.messinaoggi.it\/website\/author\/redazione\/"},"digistream_id":0,"digistream":false,"_links":{"self":[{"href":"https:\/\/www.messinaoggi.it\/website\/wp-json\/wp\/v2\/posts\/33145"}],"collection":[{"href":"https:\/\/www.messinaoggi.it\/website\/wp-json\/wp\/v2\/posts"}],"about":[{"href":"https:\/\/www.messinaoggi.it\/website\/wp-json\/wp\/v2\/types\/post"}],"author":[{"embeddable":true,"href":"https:\/\/www.messinaoggi.it\/website\/wp-json\/wp\/v2\/users\/2"}],"replies":[{"embeddable":true,"href":"https:\/\/www.messinaoggi.it\/website\/wp-json\/wp\/v2\/comments?post=33145"}],"version-history":[{"count":0,"href":"https:\/\/www.messinaoggi.it\/website\/wp-json\/wp\/v2\/posts\/33145\/revisions"}],"wp:featuredmedia":[{"embeddable":true,"href":"https:\/\/www.messinaoggi.it\/website\/wp-json\/wp\/v2\/media\/33146"}],"wp:attachment":[{"href":"https:\/\/www.messinaoggi.it\/website\/wp-json\/wp\/v2\/media?parent=33145"}],"wp:term":[{"taxonomy":"category","embeddable":true,"href":"https:\/\/www.messinaoggi.it\/website\/wp-json\/wp\/v2\/categories?post=33145"},{"taxonomy":"post_tag","embeddable":true,"href":"https:\/\/www.messinaoggi.it\/website\/wp-json\/wp\/v2\/tags?post=33145"}],"curies":[{"name":"wp","href":"https:\/\/api.w.org\/{rel}","templated":true}]}}