{"id":33112,"date":"2019-05-29T08:45:31","date_gmt":"2019-05-29T06:45:31","guid":{"rendered":"https:\/\/www.messinaoggi.it\/website\/?p=33112"},"modified":"2019-05-29T08:45:31","modified_gmt":"2019-05-29T06:45:31","slug":"caci-gioiamo-per-il-successo-ottenuto-da-fi-a-messina","status":"publish","type":"post","link":"https:\/\/www.messinaoggi.it\/website\/2019\/05\/29\/caci-gioiamo-per-il-successo-ottenuto-da-fi-a-messina\/","title":{"rendered":"Caci: &quot;Gioiamo per il successo ottenuto da FI a Messina&quot;"},"content":{"rendered":"<p style=\"text-align: justify;\">&#8220;Non posso non gioire per il grande risultato che domenica i tanti cittadini ci ha portato Forza Italia ad essere il 2 partito in citt\u00e0 con il 19,63 % di preferenze, facendo si che si registrasse\u00a0 una crescita rispetto al 18,68 % delle ultime elezioni europee del 2014&#8221;.<div id=\"div-gpt-ad-Messinaoggi.it-DSK-300x250-corpoart\" style=\"text-align:center;margin:0 auto;\"><\/div><\/p>\n<p style=\"text-align: justify;\">Lo afferma in una nota stampa Giacomo Caci, vice coordinatore cittadino degli azzurri.<div id=\"videoincontent\" style=\"clear:both\";><\/div><\/p>\n<p style=\"text-align: justify;\">&#8220;La Sicilia , ed in modo particolare la Citt\u00e0 di Messina e la sua provincia, ancora una volta , danno un contributo determinante al partito nazionale e il merito non pu\u00f2 che essere del nostro coordinatore Gianfranco Miccich\u00e8 . Un plauso quindi a tutta la deputazione nazionale e regionale per il grande lavoro svolto in sinergia, al sindaco della Nostra Citt\u00e0 , Cateno De Luca che insieme all\u2019Assessore Dafne Musolino hanno dato un contributo importantissimo, agli amici di Sicilia Futura e a tutti i nostri quadri dirigenti che come in ogni competizione non si sono risparmiati .Adesso \u00e8 l\u2019ora di rimboccarci le maniche perch\u00e9 abbiamo la grande responsabilit\u00e0 di pensare alle strategie di riorganizzazione del partito per potere essere sempre pi\u00f9 incisivi nel panorama regionale a tutela del nostro territorio. Forza Messina e Forza Italia&#8221;.<\/p>\n<p style=\"text-align: justify;\">Concluce Giacomo Caci<\/p>\n","protected":false},"excerpt":{"rendered":"<p>&#8220;Non posso non gioire per il grande risultato che domenica i tanti cittadini ci ha portato Forza Italia ad essere il 2 partito in citt\u00e0 con il 19,63 % di preferenze, facendo si che si registrasse\u00a0 una crescita rispetto al 18,68 % delle ultime elezioni europee del 2014&#8221;. Lo afferma in una nota stampa Giacomo [&hellip;]<\/p>\n","protected":false},"author":2,"featured_media":33113,"comment_status":"closed","ping_status":"open","sticky":false,"template":"","format":"standard","meta":{"ub_ctt_via":"","_mi_skip_tracking":false},"categories":[4],"tags":[],"featured_image_src":"https:\/\/www.messinaoggi.it\/website\/wp-content\/uploads\/2019\/05\/foto-GIACOMO-CACI.jpg","author_info":{"display_name":"Redazione","author_link":"https:\/\/www.messinaoggi.it\/website\/author\/redazione\/"},"digistream_id":0,"digistream":false,"_links":{"self":[{"href":"https:\/\/www.messinaoggi.it\/website\/wp-json\/wp\/v2\/posts\/33112"}],"collection":[{"href":"https:\/\/www.messinaoggi.it\/website\/wp-json\/wp\/v2\/posts"}],"about":[{"href":"https:\/\/www.messinaoggi.it\/website\/wp-json\/wp\/v2\/types\/post"}],"author":[{"embeddable":true,"href":"https:\/\/www.messinaoggi.it\/website\/wp-json\/wp\/v2\/users\/2"}],"replies":[{"embeddable":true,"href":"https:\/\/www.messinaoggi.it\/website\/wp-json\/wp\/v2\/comments?post=33112"}],"version-history":[{"count":0,"href":"https:\/\/www.messinaoggi.it\/website\/wp-json\/wp\/v2\/posts\/33112\/revisions"}],"wp:featuredmedia":[{"embeddable":true,"href":"https:\/\/www.messinaoggi.it\/website\/wp-json\/wp\/v2\/media\/33113"}],"wp:attachment":[{"href":"https:\/\/www.messinaoggi.it\/website\/wp-json\/wp\/v2\/media?parent=33112"}],"wp:term":[{"taxonomy":"category","embeddable":true,"href":"https:\/\/www.messinaoggi.it\/website\/wp-json\/wp\/v2\/categories?post=33112"},{"taxonomy":"post_tag","embeddable":true,"href":"https:\/\/www.messinaoggi.it\/website\/wp-json\/wp\/v2\/tags?post=33112"}],"curies":[{"name":"wp","href":"https:\/\/api.w.org\/{rel}","templated":true}]}}