{"id":3310,"date":"2017-06-22T17:30:12","date_gmt":"2017-06-22T15:30:12","guid":{"rendered":"http:\/\/www.messinaoggi.it\/website\/?p=3310"},"modified":"2017-06-22T17:30:12","modified_gmt":"2017-06-22T15:30:12","slug":"tanta-suggestione-per-festa-della-musica-soprattutto-alla-caserma-ainis","status":"publish","type":"post","link":"https:\/\/www.messinaoggi.it\/website\/2017\/06\/22\/tanta-suggestione-per-festa-della-musica-soprattutto-alla-caserma-ainis\/","title":{"rendered":"Tanta suggestione per Festa della Musica soprattutto alla Caserma \u201cAinis\u201d"},"content":{"rendered":"<p style=\"text-align: justify\">Grande successo per tutto l\u2019andamento della Festa Europea della Musica celebrata anche a Messina tra varie location tra Piazza Immacolata di Marmo e il Duomo da villa Cianciafara alla Caserma \u201cEmilio Ainis\u201d. Quest\u2019ultima sede istituzionale ha visto come teatro una struttura militare che \u00e8 rimasta fruibile al pubblico dalle 20 con un centinaio di artisti.<div id=\"div-gpt-ad-Messinaoggi.it-DSK-300x250-corpoart\" style=\"text-align:center;margin:0 auto;\"><\/div><\/p>\n<p style=\"text-align: justify\">L\u2019evento \u00e8 stato promosso dalla Brigata Meccanizzata Aosta sensibile e rilevante nella societ\u00e0, attraverso la sua formidabile banda, alla musica, ai talenti nostrani ed al coinvolgimento di altri soggetti. La presidente di D\u2019arRteventi, organizzatrice oltre che ideatrice del progetto e di una nutrita ed elegante scaletta di strumentisti, ensemble e cori, ha accolto con entusiasmo la proposta di allestire questo scenario.<div id=\"videoincontent\" style=\"clear:both\";><\/div><\/p>\n<p style=\"text-align: justify\">A gestire la direzione artistica della serata Matteo Pappalardo. La suggestiva manifestazione ha ospitato tutte le istituzioni musicali della citt\u00e0 di Messina, il Teatro, il Conservatorio, le tre associazioni musicali cittadine, molte scuole che hanno portato avanti progetti di crescita musicale per i musicisti di domani, tutti rappresentati da musicisti che ogni anno portano alta la loro provenienza in Italia e nel mondo.<\/p>\n<p style=\"text-align: justify\">La Musica \u00e8 uno dei caratteri pi\u00f9 rappresentativi dell&#8217;umanit\u00e0 e senza la commistione delle culture, di tutto il mondo, essa non si sarebbe mai evoluta nelle forme che ci fanno amare, piangere, ridere, ballare. Ricordiamolo quando continuiamo a discutere di confini e cittadinanze.<\/p>\n","protected":false},"excerpt":{"rendered":"<p>Grande successo per tutto l\u2019andamento della Festa Europea della Musica celebrata anche a Messina tra varie location tra Piazza Immacolata di Marmo e il Duomo da villa Cianciafara alla Caserma \u201cEmilio Ainis\u201d. Quest\u2019ultima sede istituzionale ha visto come teatro una struttura militare che \u00e8 rimasta fruibile al pubblico dalle 20 con un centinaio di artisti. [&hellip;]<\/p>\n","protected":false},"author":7,"featured_media":3311,"comment_status":"closed","ping_status":"open","sticky":false,"template":"","format":"standard","meta":{"ub_ctt_via":"","_mi_skip_tracking":false},"categories":[5],"tags":[],"featured_image_src":"https:\/\/www.messinaoggi.it\/website\/wp-content\/uploads\/2017\/06\/Banda-caserma-ainis-messinaoggi-2.jpg","author_info":{"display_name":"Redazione1","author_link":"https:\/\/www.messinaoggi.it\/website\/author\/redazione1\/"},"digistream_id":0,"digistream":false,"_links":{"self":[{"href":"https:\/\/www.messinaoggi.it\/website\/wp-json\/wp\/v2\/posts\/3310"}],"collection":[{"href":"https:\/\/www.messinaoggi.it\/website\/wp-json\/wp\/v2\/posts"}],"about":[{"href":"https:\/\/www.messinaoggi.it\/website\/wp-json\/wp\/v2\/types\/post"}],"author":[{"embeddable":true,"href":"https:\/\/www.messinaoggi.it\/website\/wp-json\/wp\/v2\/users\/7"}],"replies":[{"embeddable":true,"href":"https:\/\/www.messinaoggi.it\/website\/wp-json\/wp\/v2\/comments?post=3310"}],"version-history":[{"count":0,"href":"https:\/\/www.messinaoggi.it\/website\/wp-json\/wp\/v2\/posts\/3310\/revisions"}],"wp:featuredmedia":[{"embeddable":true,"href":"https:\/\/www.messinaoggi.it\/website\/wp-json\/wp\/v2\/media\/3311"}],"wp:attachment":[{"href":"https:\/\/www.messinaoggi.it\/website\/wp-json\/wp\/v2\/media?parent=3310"}],"wp:term":[{"taxonomy":"category","embeddable":true,"href":"https:\/\/www.messinaoggi.it\/website\/wp-json\/wp\/v2\/categories?post=3310"},{"taxonomy":"post_tag","embeddable":true,"href":"https:\/\/www.messinaoggi.it\/website\/wp-json\/wp\/v2\/tags?post=3310"}],"curies":[{"name":"wp","href":"https:\/\/api.w.org\/{rel}","templated":true}]}}