{"id":33089,"date":"2019-05-28T11:13:53","date_gmt":"2019-05-28T09:13:53","guid":{"rendered":"https:\/\/www.messinaoggi.it\/website\/?p=33089"},"modified":"2019-05-28T11:13:53","modified_gmt":"2019-05-28T09:13:53","slug":"linfinito-di-giacomo-leopardi-compie-200-anni-iniziative-in-tutta-italia","status":"publish","type":"post","link":"https:\/\/www.messinaoggi.it\/website\/2019\/05\/28\/linfinito-di-giacomo-leopardi-compie-200-anni-iniziative-in-tutta-italia\/","title":{"rendered":"L&#039;Infinito di Giacomo Leopardi compie 200 anni. Iniziative in tutta Italia"},"content":{"rendered":"<p>Oggi, L\u2019infinito, \u00a0una delle poesie pi\u00f9 belle di Giacomo Leopardi, compie 200 anni e per le strade del centro di Recanati, citt\u00e0 natale del poeta, cos\u00ec come \u00a0in tutta Italia, prenderanno vita i\u00a0 versi pi\u00f9 significativi della storia letteratura italiana recitate da \u00a0migliaia di ragazzi e di cittadini \u00a0all&#8217;interno di istituti scolastici, di biblioteche e \u00a0nelle piazze. Tutto questo \u00e8 &#8216;#200infinito&#8217;, la giornata organizzata dal ministero dell&#8217;Istruzione, nata da un&#8217;idea di Olimpia Leopardi, realizzata con Casa Leopardi, in collaborazione con la Rai e con il comune di Recanati.<br \/>\nOggi, alle 11.30, saranno oltre 2.800 gli studenti che prenderanno parte, assieme al ministro dell&#8217;Istruzione, Marco Bussetti e Olimpia Leopardi, a una lettura collettiva del componimento poetico nella Piazzuola del Sabato del Villaggio, su cui affaccia la casa del poeta, e lungo tutto il centro storico della cittadina delle Marche.<br \/>\n&#8220;Leopardi &#8211; spiega il ministro Bussetti &#8211; \u00e8\u00a0stato un genio. Nelle sue opere ha espresso e indagato le domande e le questioni centrali per ogni uomo. I suoi testi sono universali, superano secoli e confini geografici. Continuano a parlarci ancora oggi, a duecento anni di distanza. Noi abbiamo il dovere di testimoniare la modernit\u00e0\u00a0e l&#8217;importanza del suo pensiero e della sua produzione. Ed \u00e8 per questo che vogliamo celebrare &#8211; aggiunge &#8211; questo illustre poeta con una lettura collettiva: i versi de &#8216;L&#8217;infinito&#8217; usciranno dai libri di scuola per rivivere nella voce dei nostri studenti e di tutti coloro che vorranno partecipare nelle diverse piazze di Italia al flash mob che abbiamo organizzato per domani. Invito tutti a unirsi. Io stesso sar\u00f2 a Recanati per dimostrare che la poesia \u00e8 una delle forme pi\u00f9 potenti con cui l&#8217;uomo sta al mondo&#8221;.<br \/>\nRecanati sar\u00e0\u00a0solo una delle piazze che &#8216;daranno voce&#8217; a &#8216;L&#8217;infinito&#8217;. Tutta l&#8217;Italia si unir\u00e0\u00a0a distanza. Cuore dell&#8217;iniziativa a Roma, per esempio, sar\u00e0\u00a0piazza di Spagna, dove gli studenti dell&#8217;istituto comprensivo &#8216;E. Q. Visconti&#8217; coinvolgeranno i presenti in una &#8216;staffetta&#8217; di strofe per la recitazione partecipata della poesia. A Milano, i ragazzi dell&#8217;istituto comprensivo Maffucci si incontreranno in piazza Gae Aulenti, mentre gli alunni della scuola secondaria di I grado &#8216;J.F. Kennedy&#8217; di Montefiorino (MO) parteciperanno alla lettura collettiva nel centro cittadino, richiamando l&#8217;attenzione e l&#8217;interesse dei passanti e si sposteranno, poi, nei locali della biblioteca comunale con le loro famiglie e con i cittadini per un &#8220;Salotto letterario con aperitivo&#8221; dedicato a &#8216;L&#8217;Infinito&#8217;.<br \/>\n&#8220;L&#8217;idea dell&#8217;iniziativa &#8211; dichiara Olimpia Leopardi &#8211; nasce dalla volont\u00e0\u00a0di Casa Leopardi di avvicinare i giovani a quel meraviglioso strumento di dialogo, con se stessi e con i sentimenti universali, che \u00e8 la poesia. Un flash mob per utilizzare un linguaggio diverso e pi\u00f9 vicino ai ragazzi, per vivere un emozionante momento di unione ideale che mette in luce la forza del sentire, lenisce le pene del cuore e dell&#8217;anima e ci permette di guardare insieme con coraggio &#8216;oltre la siepe'&#8221;.<br \/>\nL&#8217;evento di Recanati sar\u00e0&#8217; trasmesso in diretta su RaiPlay. Durante l&#8217;incontro, inoltre, saranno premiati gli istituti vincitori del concorso nazionale &#8216;Il mio Infinito&#8217;, rivolto a tutte le scuole di ogni ordine e grado, con l&#8217;obiettivo di stimolare la riflessione, la creativit\u00e0\u00a0e l&#8217;espressivit\u00e0\u00a0degli studenti attraverso un percorso che li ha portati a cimentarsi con la propria visione di &#8216;infinito&#8217;.<br \/>\nUna giornata da vivere intensamente, dunque, perch\u00e9 la poesia possa continuare a \u00a0sublimare l\u2019animo umano e proteggerlo \u00a0\u00a0dai continui attacchi della quotidianit\u00e0 che sempre pi\u00f9 spesso tendono ad inaridire l\u2019umanit\u00e0 intera.<div id=\"div-gpt-ad-Messinaoggi.it-DSK-300x250-corpoart\" style=\"text-align:center;margin:0 auto;\"><\/div><\/p>\n<div id=\"videoincontent\" style=\"clear:both\";><\/div>","protected":false},"excerpt":{"rendered":"<p>Oggi, L\u2019infinito, \u00a0una delle poesie pi\u00f9 belle di Giacomo Leopardi, compie 200 anni e per le strade del centro di Recanati, citt\u00e0 natale del poeta, cos\u00ec come \u00a0in tutta Italia, prenderanno vita i\u00a0 versi pi\u00f9 significativi della storia letteratura italiana recitate da \u00a0migliaia di ragazzi e di cittadini \u00a0all&#8217;interno di istituti scolastici, di biblioteche e [&hellip;]<\/p>\n","protected":false},"author":5,"featured_media":33090,"comment_status":"closed","ping_status":"open","sticky":false,"template":"","format":"standard","meta":{"ub_ctt_via":"","_mi_skip_tracking":false},"categories":[16],"tags":[],"featured_image_src":"https:\/\/www.messinaoggi.it\/website\/wp-content\/uploads\/2019\/05\/manoscritto_leopardi-400x300-1.jpeg","author_info":{"display_name":"Maria Antonella Saia","author_link":"https:\/\/www.messinaoggi.it\/website\/author\/m-saia\/"},"digistream_id":0,"digistream":false,"_links":{"self":[{"href":"https:\/\/www.messinaoggi.it\/website\/wp-json\/wp\/v2\/posts\/33089"}],"collection":[{"href":"https:\/\/www.messinaoggi.it\/website\/wp-json\/wp\/v2\/posts"}],"about":[{"href":"https:\/\/www.messinaoggi.it\/website\/wp-json\/wp\/v2\/types\/post"}],"author":[{"embeddable":true,"href":"https:\/\/www.messinaoggi.it\/website\/wp-json\/wp\/v2\/users\/5"}],"replies":[{"embeddable":true,"href":"https:\/\/www.messinaoggi.it\/website\/wp-json\/wp\/v2\/comments?post=33089"}],"version-history":[{"count":0,"href":"https:\/\/www.messinaoggi.it\/website\/wp-json\/wp\/v2\/posts\/33089\/revisions"}],"wp:featuredmedia":[{"embeddable":true,"href":"https:\/\/www.messinaoggi.it\/website\/wp-json\/wp\/v2\/media\/33090"}],"wp:attachment":[{"href":"https:\/\/www.messinaoggi.it\/website\/wp-json\/wp\/v2\/media?parent=33089"}],"wp:term":[{"taxonomy":"category","embeddable":true,"href":"https:\/\/www.messinaoggi.it\/website\/wp-json\/wp\/v2\/categories?post=33089"},{"taxonomy":"post_tag","embeddable":true,"href":"https:\/\/www.messinaoggi.it\/website\/wp-json\/wp\/v2\/tags?post=33089"}],"curies":[{"name":"wp","href":"https:\/\/api.w.org\/{rel}","templated":true}]}}