{"id":33088,"date":"2019-05-28T10:45:43","date_gmt":"2019-05-28T08:45:43","guid":{"rendered":"https:\/\/www.messinaoggi.it\/website\/?p=33088"},"modified":"2019-05-28T10:45:43","modified_gmt":"2019-05-28T08:45:43","slug":"veleni-post-elezioni-cerreti-querela-cateno-de-luca","status":"publish","type":"post","link":"https:\/\/www.messinaoggi.it\/website\/2019\/05\/28\/veleni-post-elezioni-cerreti-querela-cateno-de-luca\/","title":{"rendered":"Veleni post elezioni, Cerreti querela Cateno De Luca"},"content":{"rendered":"<p class=\"s13\" style=\"text-align: justify;\"><span class=\"s12\"><span class=\"bumpedFont15\">&#8220;A seguito delle diffamatorie ed irrispettose espressioni utilizzate dal signor Cateno De Luca, sindaco del comune di Messina, cos\u00ec come trasmesse ed ascoltate in diretta durante la trasmissione Malalingua del 24 maggio 2019, relative alla vicenda Amam e &#8216;pseudo consulenze richieste&#8217;, il sottoscritto Roberto Cerreti comunica di aver dato mandato ai propri legali di tutelare la propria immagine e reputazioni nelle competenti sedi giudiziarie&#8221;.<\/span><\/span><div id=\"div-gpt-ad-Messinaoggi.it-DSK-300x250-corpoart\" style=\"text-align:center;margin:0 auto;\"><\/div><\/p>\n<p style=\"text-align: justify;\">Lo rende noto il capogruppo di Mli che aggiunge:\u00a0<span class=\"s14\"><span class=\"bumpedFont15\">&#8220;Non tutti temono o si intimidiscono per le urla, gli insulti e per il sistema De Luca che non pu\u00f2 pi\u00f9 essere tollerato e spero che questo gli serva anche a capire che l&#8217;educazione, la lealt\u00e0 ed il rispetto sono valori imprescindibili per un uomo delle Istituzioni.&#8221;<\/span><\/span><div id=\"videoincontent\" style=\"clear:both\";><\/div><\/p>\n<p class=\"s15\" style=\"text-align: justify;\"><span class=\"s16\"><span class=\"bumpedFont15\">\u00a0 <\/span><\/span><\/p>\n","protected":false},"excerpt":{"rendered":"<p>&#8220;A seguito delle diffamatorie ed irrispettose espressioni utilizzate dal signor Cateno De Luca, sindaco del comune di Messina, cos\u00ec come trasmesse ed ascoltate in diretta durante la trasmissione Malalingua del 24 maggio 2019, relative alla vicenda Amam e &#8216;pseudo consulenze richieste&#8217;, il sottoscritto Roberto Cerreti comunica di aver dato mandato ai propri legali di tutelare [&hellip;]<\/p>\n","protected":false},"author":2,"featured_media":30641,"comment_status":"closed","ping_status":"open","sticky":false,"template":"","format":"standard","meta":{"ub_ctt_via":"","_mi_skip_tracking":false},"categories":[4],"tags":[],"featured_image_src":"https:\/\/www.messinaoggi.it\/website\/wp-content\/uploads\/2019\/03\/E0364974-A2B3-4FBC-8E94-891AEF156A95.jpeg","author_info":{"display_name":"Redazione","author_link":"https:\/\/www.messinaoggi.it\/website\/author\/redazione\/"},"digistream_id":0,"digistream":false,"_links":{"self":[{"href":"https:\/\/www.messinaoggi.it\/website\/wp-json\/wp\/v2\/posts\/33088"}],"collection":[{"href":"https:\/\/www.messinaoggi.it\/website\/wp-json\/wp\/v2\/posts"}],"about":[{"href":"https:\/\/www.messinaoggi.it\/website\/wp-json\/wp\/v2\/types\/post"}],"author":[{"embeddable":true,"href":"https:\/\/www.messinaoggi.it\/website\/wp-json\/wp\/v2\/users\/2"}],"replies":[{"embeddable":true,"href":"https:\/\/www.messinaoggi.it\/website\/wp-json\/wp\/v2\/comments?post=33088"}],"version-history":[{"count":0,"href":"https:\/\/www.messinaoggi.it\/website\/wp-json\/wp\/v2\/posts\/33088\/revisions"}],"wp:featuredmedia":[{"embeddable":true,"href":"https:\/\/www.messinaoggi.it\/website\/wp-json\/wp\/v2\/media\/30641"}],"wp:attachment":[{"href":"https:\/\/www.messinaoggi.it\/website\/wp-json\/wp\/v2\/media?parent=33088"}],"wp:term":[{"taxonomy":"category","embeddable":true,"href":"https:\/\/www.messinaoggi.it\/website\/wp-json\/wp\/v2\/categories?post=33088"},{"taxonomy":"post_tag","embeddable":true,"href":"https:\/\/www.messinaoggi.it\/website\/wp-json\/wp\/v2\/tags?post=33088"}],"curies":[{"name":"wp","href":"https:\/\/api.w.org\/{rel}","templated":true}]}}