{"id":33079,"date":"2019-05-28T10:26:15","date_gmt":"2019-05-28T08:26:15","guid":{"rendered":"https:\/\/www.messinaoggi.it\/website\/?p=33079"},"modified":"2019-05-28T10:26:15","modified_gmt":"2019-05-28T08:26:15","slug":"europee-musolino-la-donna-piu-votata-di-fi-a-livello-nazionale","status":"publish","type":"post","link":"https:\/\/www.messinaoggi.it\/website\/2019\/05\/28\/europee-musolino-la-donna-piu-votata-di-fi-a-livello-nazionale\/","title":{"rendered":"Europee: Musolino la donna pi\u00f9 votata di FI a livello nazionale"},"content":{"rendered":"<p class=\"p1\"><span class=\"s1\">Un risultato straordinario quello raggiunto dalla candidata al Parlamento Europeo, Dafne Musolino, che chiudendo con oltre 47 mila voti, \u00e8 la donna pi\u00f9 votata tra le liste di Forza Italia di tutti i collegi nazionali. In assoluto invece tra le fila del partito \u00e8 la quinta pi\u00f9 votata a livello nazionale, con appena mille voti di scarto rispetto all\u2019eurodeputato uscente, Antonio Tajani.<\/span><div id=\"div-gpt-ad-Messinaoggi.it-DSK-300x250-corpoart\" style=\"text-align:center;margin:0 auto;\"><\/div><\/p>\n<p class=\"p1\"><span class=\"s1\">\u201c\u00c8 stata un\u2019esperienza entusiasmante, per la quale non mi sono risparmiata, sacrificando affetti e tempo libero. Rifarei tutto, perch\u00e9 il contatto con la gente e le loro istanze, rendono pi\u00f9 chiaro qual \u00e8 il ruolo della politica, ovvero un servizio per il bene comune. Ringrazio tutti coloro che hanno creduto in me, a cominciare dagli elettori di Messina: 2 cittadini ogni 10 hanno votato Musolino, consentendomi di raggiungere un ambitissimo traguardo, di essere in assoluto la candidata pi\u00f9 votata in citt\u00e0 e nella provincia di Messina.<\/span><div id=\"videoincontent\" style=\"clear:both\";><\/div><\/p>\n<p class=\"p1\"><span class=\"s1\">Il risultato raggiunto conferma che il mio lavoro come assessore comunale viene apprezzato dai miei concittadini.Un pensiero speciale lo voglio tributare al Sindaco della citt\u00e0, Cateno De Luca, che mi ha costantemente incoraggiato e sostenuta in questa intensa campagna elettorale.<\/span><\/p>\n<p class=\"p1\"><span class=\"s1\">Il mio ringraziamento va inoltre al Coordinatore di Forza Italia, Gianfranco Miccich\u00e8 e al Presidente Silvio Berlusconi, per avermi accolta nella Lista Forza Italia senza porre condizioni di accesso, lasciandomi libera di esprimere e rappresentare i grandi valori dell\u2019autonomia e dell\u2019indipendenza della Sicilia, permettendomi di raggiungere questo straordinario risultato\u201d.<\/span><\/p>\n","protected":false},"excerpt":{"rendered":"<p>Un risultato straordinario quello raggiunto dalla candidata al Parlamento Europeo, Dafne Musolino, che chiudendo con oltre 47 mila voti, \u00e8 la donna pi\u00f9 votata tra le liste di Forza Italia di tutti i collegi nazionali. In assoluto invece tra le fila del partito \u00e8 la quinta pi\u00f9 votata a livello nazionale, con appena mille voti [&hellip;]<\/p>\n","protected":false},"author":2,"featured_media":33069,"comment_status":"closed","ping_status":"open","sticky":false,"template":"","format":"standard","meta":{"ub_ctt_via":"","_mi_skip_tracking":false},"categories":[4],"tags":[],"featured_image_src":"https:\/\/www.messinaoggi.it\/website\/wp-content\/uploads\/2019\/05\/5BE6A86A-3D47-4B2D-9F68-6F39E9738FB4.jpeg","author_info":{"display_name":"Redazione","author_link":"https:\/\/www.messinaoggi.it\/website\/author\/redazione\/"},"digistream_id":0,"digistream":false,"_links":{"self":[{"href":"https:\/\/www.messinaoggi.it\/website\/wp-json\/wp\/v2\/posts\/33079"}],"collection":[{"href":"https:\/\/www.messinaoggi.it\/website\/wp-json\/wp\/v2\/posts"}],"about":[{"href":"https:\/\/www.messinaoggi.it\/website\/wp-json\/wp\/v2\/types\/post"}],"author":[{"embeddable":true,"href":"https:\/\/www.messinaoggi.it\/website\/wp-json\/wp\/v2\/users\/2"}],"replies":[{"embeddable":true,"href":"https:\/\/www.messinaoggi.it\/website\/wp-json\/wp\/v2\/comments?post=33079"}],"version-history":[{"count":0,"href":"https:\/\/www.messinaoggi.it\/website\/wp-json\/wp\/v2\/posts\/33079\/revisions"}],"wp:featuredmedia":[{"embeddable":true,"href":"https:\/\/www.messinaoggi.it\/website\/wp-json\/wp\/v2\/media\/33069"}],"wp:attachment":[{"href":"https:\/\/www.messinaoggi.it\/website\/wp-json\/wp\/v2\/media?parent=33079"}],"wp:term":[{"taxonomy":"category","embeddable":true,"href":"https:\/\/www.messinaoggi.it\/website\/wp-json\/wp\/v2\/categories?post=33079"},{"taxonomy":"post_tag","embeddable":true,"href":"https:\/\/www.messinaoggi.it\/website\/wp-json\/wp\/v2\/tags?post=33079"}],"curies":[{"name":"wp","href":"https:\/\/api.w.org\/{rel}","templated":true}]}}