{"id":33046,"date":"2019-05-27T07:00:13","date_gmt":"2019-05-27T05:00:13","guid":{"rendered":"https:\/\/www.messinaoggi.it\/website\/?p=33046"},"modified":"2019-05-27T07:00:13","modified_gmt":"2019-05-27T05:00:13","slug":"amici-alberto-urso-il-mio-sogno-piu-grande-avvicinare-i-giovani-alla-lirica","status":"publish","type":"post","link":"https:\/\/www.messinaoggi.it\/website\/2019\/05\/27\/amici-alberto-urso-il-mio-sogno-piu-grande-avvicinare-i-giovani-alla-lirica\/","title":{"rendered":"Amici, Alberto  Urso &quot;Il mio sogno pi\u00f9 grande? Avvicinare i giovani alla lirica&quot;"},"content":{"rendered":"<p>Il sabato appena trascorso sar\u00e0 ricordato dalla comunit\u00e0 messinese come una\u00a0 giornata memorabile, caratterizzata da forti emozioni che ora dopo ora sono andate via via crescendo; giornata memorabile soprattutto per il giovane Alberto Urso, trionfatore della 18\u00b0 edizione\u00a0 di Amici, figlio della Citt\u00e0 dello Stretto, una vittoria sognata, rincorsa, realizzata.<br \/>\nA tal riguardo, vi offriamo una breve intervista tratta da Mediaset, realizzata poche ore dopo la vittoria, \u00a0per conoscere pi\u00f9 da vicino il giovane Alberto.<br \/>\n<strong>Com\u2019\u00e8 nato in te l\u2019amore per il bel canto e quali sono \u00a0state le\u00a0 tappe fondamentali che ti hanno portato ad Amici?<\/strong><br \/>\nSono nato e cresciuto con questa passione, ascoltando tantissima musica lirica \u00a0e adesso il mio sogno pi\u00f9\u00a0 grande \u00e8 avvicinare i giovani a questo genere musicale. Oggi \u00e8 stata un\u2019emozione unica, che non dimenticher\u00f2 mai. Ringrazio tutte le persone che mi hanno sostenuto \u00a0\u00a0e hanno creduto in me sino in fondo.<br \/>\n<strong>Il tuo \u00e8 stato un bel percorso, raccontaci come si \u00e8 sviluppato.<\/strong><br \/>\nS\u00ec, infatti, \u00e8 stata una\u00a0\u00a0 bella scommessa. Maria ha creduto tanto in me e io la ringrazio tantissimo perch\u00e9 \u00e8 difficile creare un punto d\u2019incontro tra la lirica e i giovani per\u00f2, a poco a poco variando\u2026facendo tanti stili, essendo pi\u00f9 versatili e facendo\u00a0 sentire un po&#8217; di tutto abbiamo in parte centrato l\u2019obiettivo.<br \/>\n<strong>Dal tuo percorso si \u00e8 visto quanto ami non soltanto la lirica ma tutti gli stili, per cui la domanda che ne scaturisce \u00e8 la seguente: quale genere musicale vedi nel tuo futuro?<\/strong><br \/>\nIn questo momento non ho idea di cosa ci sia nel mio futuro. Intanto sto pensando a godermi la vittoria, perch\u00e9 \u00e8 stato un giorno veramente speciale, e quindi in futuro si vedr\u00e0. Comunque si, sicuramente non trascurer\u00f2 nessun genere musicale, sia che si tratti di lirica, opera o cross over. L\u2019importante \u00e8 fare musica.<br \/>\n<strong>E per finire, in finale siete arrivati tu e Giordana, due mondi completamente diversi, due modi opposti di intendere la musica, che alla fine si sono suggestionate vicendevolmente. Pensi che in futuro possa nascere una nuova collaborazione?<\/strong><br \/>\nDopo sei mesi che si sta\u00a0 tutti insieme e si cresce artisticamente \u00e8 naturale\u00a0 che nasca pure un\u2019amicizia. Lei, infatti, ha scritto il testo di Accanto a te, mentre io ne ho scritto la musica insieme al maestro Pino Ferris. Non si sa, nella vita, cosa pu\u00f2 succedere. Spero di incontrarci in futuro, di lavorare insieme, di collaborare e di fare tantissime cose insieme. Non bisogna mai chiudere le porte dinanzi a nuove collaborazioni. E non nego che mi piacerebbe lavorare nuovamente insieme a lei. Giordana \u00e8 una grandissima artista, la stimo tantissimo.<div id=\"div-gpt-ad-Messinaoggi.it-DSK-300x250-corpoart\" style=\"text-align:center;margin:0 auto;\"><\/div><\/p>\n<div id=\"videoincontent\" style=\"clear:both\";><\/div>","protected":false},"excerpt":{"rendered":"<p>Il sabato appena trascorso sar\u00e0 ricordato dalla comunit\u00e0 messinese come una\u00a0 giornata memorabile, caratterizzata da forti emozioni che ora dopo ora sono andate via via crescendo; giornata memorabile soprattutto per il giovane Alberto Urso, trionfatore della 18\u00b0 edizione\u00a0 di Amici, figlio della Citt\u00e0 dello Stretto, una vittoria sognata, rincorsa, realizzata. A tal riguardo, vi offriamo [&hellip;]<\/p>\n","protected":false},"author":5,"featured_media":33048,"comment_status":"closed","ping_status":"open","sticky":false,"template":"","format":"standard","meta":{"ub_ctt_via":"","_mi_skip_tracking":false},"categories":[5,19,17],"tags":[],"featured_image_src":"https:\/\/www.messinaoggi.it\/website\/wp-content\/uploads\/2019\/05\/Alberto-Urso.jpg","author_info":{"display_name":"Maria Antonella Saia","author_link":"https:\/\/www.messinaoggi.it\/website\/author\/m-saia\/"},"digistream_id":0,"digistream":false,"_links":{"self":[{"href":"https:\/\/www.messinaoggi.it\/website\/wp-json\/wp\/v2\/posts\/33046"}],"collection":[{"href":"https:\/\/www.messinaoggi.it\/website\/wp-json\/wp\/v2\/posts"}],"about":[{"href":"https:\/\/www.messinaoggi.it\/website\/wp-json\/wp\/v2\/types\/post"}],"author":[{"embeddable":true,"href":"https:\/\/www.messinaoggi.it\/website\/wp-json\/wp\/v2\/users\/5"}],"replies":[{"embeddable":true,"href":"https:\/\/www.messinaoggi.it\/website\/wp-json\/wp\/v2\/comments?post=33046"}],"version-history":[{"count":0,"href":"https:\/\/www.messinaoggi.it\/website\/wp-json\/wp\/v2\/posts\/33046\/revisions"}],"wp:featuredmedia":[{"embeddable":true,"href":"https:\/\/www.messinaoggi.it\/website\/wp-json\/wp\/v2\/media\/33048"}],"wp:attachment":[{"href":"https:\/\/www.messinaoggi.it\/website\/wp-json\/wp\/v2\/media?parent=33046"}],"wp:term":[{"taxonomy":"category","embeddable":true,"href":"https:\/\/www.messinaoggi.it\/website\/wp-json\/wp\/v2\/categories?post=33046"},{"taxonomy":"post_tag","embeddable":true,"href":"https:\/\/www.messinaoggi.it\/website\/wp-json\/wp\/v2\/tags?post=33046"}],"curies":[{"name":"wp","href":"https:\/\/api.w.org\/{rel}","templated":true}]}}