{"id":33002,"date":"2019-05-24T22:44:40","date_gmt":"2019-05-24T20:44:40","guid":{"rendered":"https:\/\/www.messinaoggi.it\/website\/?p=33002"},"modified":"2019-05-24T22:44:40","modified_gmt":"2019-05-24T20:44:40","slug":"scomparso-da-casa-uomo-di-48-anni-sei-anni-fa-spari-e-fu-ritrovato-a-palermo","status":"publish","type":"post","link":"https:\/\/www.messinaoggi.it\/website\/2019\/05\/24\/scomparso-da-casa-uomo-di-48-anni-sei-anni-fa-spari-e-fu-ritrovato-a-palermo\/","title":{"rendered":"Scomparso da casa uomo di 48 anni. Sei anni fa spar\u00ec e fu ritrovato a Palermo"},"content":{"rendered":"<p>Antonino Corsaro, 48 anni, \u00e8 scomparso questo pomeriggio. A denunziare l&#8217;accaduto sono stati i familiari che hanno presentato regolare denuncia ai carabinieri. L&#8217;uomo era tornato a casa dopo una lunga degenza all&#8217;ospedale Papardo e nel primo pomeriggio \u00e8 uscito di casa senza farvi pi\u00f9 ritorno.<br \/>\nL&#8217;uomo gi\u00e0 in passato era scomparso e dopo qualche giorno venne ritrovato a Palermo. L&#8217;uomo, al momento della scomparsa, indossava un maglietta chiara e un jeans.<div id=\"div-gpt-ad-Messinaoggi.it-DSK-300x250-corpoart\" style=\"text-align:center;margin:0 auto;\"><\/div><\/p>\n<div id=\"videoincontent\" style=\"clear:both\";><\/div>","protected":false},"excerpt":{"rendered":"<p>Antonino Corsaro, 48 anni, \u00e8 scomparso questo pomeriggio. A denunziare l&#8217;accaduto sono stati i familiari che hanno presentato regolare denuncia ai carabinieri. L&#8217;uomo era tornato a casa dopo una lunga degenza all&#8217;ospedale Papardo e nel primo pomeriggio \u00e8 uscito di casa senza farvi pi\u00f9 ritorno. L&#8217;uomo gi\u00e0 in passato era scomparso e dopo qualche giorno [&hellip;]<\/p>\n","protected":false},"author":2,"featured_media":33000,"comment_status":"closed","ping_status":"open","sticky":false,"template":"","format":"standard","meta":{"ub_ctt_via":"","_mi_skip_tracking":false},"categories":[5],"tags":[],"featured_image_src":"https:\/\/www.messinaoggi.it\/website\/wp-content\/uploads\/2019\/05\/3CCB46B7-0A72-4215-B23E-21A5B267F994.jpeg","author_info":{"display_name":"Redazione","author_link":"https:\/\/www.messinaoggi.it\/website\/author\/redazione\/"},"digistream_id":0,"digistream":false,"_links":{"self":[{"href":"https:\/\/www.messinaoggi.it\/website\/wp-json\/wp\/v2\/posts\/33002"}],"collection":[{"href":"https:\/\/www.messinaoggi.it\/website\/wp-json\/wp\/v2\/posts"}],"about":[{"href":"https:\/\/www.messinaoggi.it\/website\/wp-json\/wp\/v2\/types\/post"}],"author":[{"embeddable":true,"href":"https:\/\/www.messinaoggi.it\/website\/wp-json\/wp\/v2\/users\/2"}],"replies":[{"embeddable":true,"href":"https:\/\/www.messinaoggi.it\/website\/wp-json\/wp\/v2\/comments?post=33002"}],"version-history":[{"count":0,"href":"https:\/\/www.messinaoggi.it\/website\/wp-json\/wp\/v2\/posts\/33002\/revisions"}],"wp:featuredmedia":[{"embeddable":true,"href":"https:\/\/www.messinaoggi.it\/website\/wp-json\/wp\/v2\/media\/33000"}],"wp:attachment":[{"href":"https:\/\/www.messinaoggi.it\/website\/wp-json\/wp\/v2\/media?parent=33002"}],"wp:term":[{"taxonomy":"category","embeddable":true,"href":"https:\/\/www.messinaoggi.it\/website\/wp-json\/wp\/v2\/categories?post=33002"},{"taxonomy":"post_tag","embeddable":true,"href":"https:\/\/www.messinaoggi.it\/website\/wp-json\/wp\/v2\/tags?post=33002"}],"curies":[{"name":"wp","href":"https:\/\/api.w.org\/{rel}","templated":true}]}}