{"id":32999,"date":"2019-05-24T22:35:13","date_gmt":"2019-05-24T20:35:13","guid":{"rendered":"https:\/\/www.messinaoggi.it\/website\/?p=32999"},"modified":"2019-05-24T22:35:13","modified_gmt":"2019-05-24T20:35:13","slug":"europee-pd-chiusa-la-campagna-elettorale-a-testa-alta","status":"publish","type":"post","link":"https:\/\/www.messinaoggi.it\/website\/2019\/05\/24\/europee-pd-chiusa-la-campagna-elettorale-a-testa-alta\/","title":{"rendered":"Europee, Pd: &quot;Chiusa la campagna elettorale a testa alta&quot;"},"content":{"rendered":"<p class=\"p1\"><span class=\"s1\">&#8220;Il Partito Democratico chiude la campagna elettorale per le europee a testa alta: nella peggiore, per toni e contenuti, che questo paese ricordi, noi abbiamo tenuto la barra dritta, senza lasciarci sedurre n\u00e9 intimorire dai toni che i nostri avversari hanno messo in campo, intrisi di odio, false notizie e programmi che rasentano la follia, e spingendo invece sui temi che da sempre sono nostri: lavoro, welfare, migrazioni, fondi europei e l\u2019importanza di un\u2019Europa di popoli contrapposta a localismi, nazionalismi ed egoismi, per una campagna elettorale impostata sul dialogo e sulla comprensione delle dinamiche che regolano politica e rapporti europei, e non su slogan urlati e populismo, ponendoci come l\u2019unica, reale alternativa alle derive razziste, xenofobe, demagogiche e populiste che ammorbano la politica italiana\u201d.<\/span><div id=\"div-gpt-ad-Messinaoggi.it-DSK-300x250-corpoart\" style=\"text-align:center;margin:0 auto;\"><\/div><\/p>\n<p class=\"p1\"><span class=\"s1\">Cos\u00ec la segreteria provinciale e la deputazione del Pd di Messina commentano la fine della campagna elettorale prima delle Europee di domenica 26 maggio.\u00a0<\/span><div id=\"videoincontent\" style=\"clear:both\";><\/div><\/p>\n<p class=\"p1\"><span class=\"s1\">\u201cMessina ha avuto l\u2019onore ed il piacere di ospitare le candidate Caterina Chinnici e Michela Giuffrida, eurodeputate uscenti che nei cinque anni precedenti si sono contraddistinte per impegno e propositivit\u00e0 riconosciute a livello europeo, Virginia Puzzolo, ingegnere che si occupa di astrofisica ed \u00e8 capo settore nell\u2019Agenzia esecutiva per la Ricerca della Commissione Europea, ed il candidato Pietro Bartolo, che per decenni ha fatto il medico a Lampedusa, terra di frontiera, toccando con mano il fenomeno delle migrazioni ed i drammi e le tragedie ad esso connessi\u201d. <\/span><\/p>\n<p class=\"p1\"><span class=\"s1\">\u201cA loro \u2013 continua la nota &#8211; noi messinesi e siciliani affidiamo la rappresentativit\u00e0 in Europa, consapevoli della loro forza, passione e soprattutto competenza: in un periodo storico in cui chi urla pi\u00f9 forte e la spara pi\u00f9 grossa riscuote pi\u00f9 consensi, noi abbiamo scelto di distinguerci, selezionando il miglior materiale umano possibile per governarci e portare le istanze dei territori a Bruxelles, certi che sar\u00e0 una scelta che chi si recher\u00e0 alle urne sapr\u00e0 premiare\u201d, concludono la segreteria provinciale e la deputazione del Pd di Messina, annunciando che subito dopo le elezioni europee si riunir\u00e0 l&#8217;esecutivo e la deputazione per parlare della situazione amministrativa della citt\u00e0 di Messina.<\/span><\/p>\n","protected":false},"excerpt":{"rendered":"<p>&#8220;Il Partito Democratico chiude la campagna elettorale per le europee a testa alta: nella peggiore, per toni e contenuti, che questo paese ricordi, noi abbiamo tenuto la barra dritta, senza lasciarci sedurre n\u00e9 intimorire dai toni che i nostri avversari hanno messo in campo, intrisi di odio, false notizie e programmi che rasentano la follia, [&hellip;]<\/p>\n","protected":false},"author":2,"featured_media":14897,"comment_status":"closed","ping_status":"open","sticky":false,"template":"","format":"standard","meta":{"ub_ctt_via":"","_mi_skip_tracking":false},"categories":[11],"tags":[],"featured_image_src":"https:\/\/www.messinaoggi.it\/website\/wp-content\/uploads\/2018\/01\/Starvaggi-Paolo-durante-intervista-con-Marcella-Ruggeri-1.jpg","author_info":{"display_name":"Redazione","author_link":"https:\/\/www.messinaoggi.it\/website\/author\/redazione\/"},"digistream_id":0,"digistream":false,"_links":{"self":[{"href":"https:\/\/www.messinaoggi.it\/website\/wp-json\/wp\/v2\/posts\/32999"}],"collection":[{"href":"https:\/\/www.messinaoggi.it\/website\/wp-json\/wp\/v2\/posts"}],"about":[{"href":"https:\/\/www.messinaoggi.it\/website\/wp-json\/wp\/v2\/types\/post"}],"author":[{"embeddable":true,"href":"https:\/\/www.messinaoggi.it\/website\/wp-json\/wp\/v2\/users\/2"}],"replies":[{"embeddable":true,"href":"https:\/\/www.messinaoggi.it\/website\/wp-json\/wp\/v2\/comments?post=32999"}],"version-history":[{"count":0,"href":"https:\/\/www.messinaoggi.it\/website\/wp-json\/wp\/v2\/posts\/32999\/revisions"}],"wp:featuredmedia":[{"embeddable":true,"href":"https:\/\/www.messinaoggi.it\/website\/wp-json\/wp\/v2\/media\/14897"}],"wp:attachment":[{"href":"https:\/\/www.messinaoggi.it\/website\/wp-json\/wp\/v2\/media?parent=32999"}],"wp:term":[{"taxonomy":"category","embeddable":true,"href":"https:\/\/www.messinaoggi.it\/website\/wp-json\/wp\/v2\/categories?post=32999"},{"taxonomy":"post_tag","embeddable":true,"href":"https:\/\/www.messinaoggi.it\/website\/wp-json\/wp\/v2\/tags?post=32999"}],"curies":[{"name":"wp","href":"https:\/\/api.w.org\/{rel}","templated":true}]}}