{"id":32995,"date":"2019-05-24T22:19:36","date_gmt":"2019-05-24T20:19:36","guid":{"rendered":"https:\/\/www.messinaoggi.it\/website\/?p=32995"},"modified":"2019-05-24T22:19:36","modified_gmt":"2019-05-24T20:19:36","slug":"vandali-sul-bus-sfondato-un-vetro-del-numero-17","status":"publish","type":"post","link":"https:\/\/www.messinaoggi.it\/website\/2019\/05\/24\/vandali-sul-bus-sfondato-un-vetro-del-numero-17\/","title":{"rendered":"Vandali sul bus: sfondato un vetro del numero 17"},"content":{"rendered":"<p style=\"text-align: justify;\">I testimoni parlano di una gang composta da sei giovanissimi che una volta saliti sul bus hanno sfondato un vetro del finestrino e si sono dati alla fuga. Atterriti i passeggeri e la conducente del mezzo, i quali hanno subito avvisato la Polizia.<div id=\"div-gpt-ad-Messinaoggi.it-DSK-300x250-corpoart\" style=\"text-align:center;margin:0 auto;\"><\/div><\/p>\n<p style=\"text-align: justify;\">L&#8217;episodio di &#8220;vandalismo gratuito&#8221; &#8211; cos\u00ec l&#8217;ha definito il presidente dell&#8217;Atm Pippo Campagna, giunto immediatamente sul posto &#8211; \u00e8 stato compiuto intorno alle 20 in pieno centro cittadino. Il bus stava transitando da via Tommaso Cannizzaro e alla fermata che si trova di fronte al Tribunale, subito dopo l&#8217;incrocio con la Cesare Battisti, i teppisti hanno iniziato a prendere a calci con violenza il vetro di un finestrino, fino a quando non \u00e8 andato in frantumi. Poi sono scappati dallo stesso finestrino dileguandosi nelle vie del centro.<div id=\"videoincontent\" style=\"clear:both\";><\/div><\/p>\n<p style=\"text-align: justify;\"><img loading=\"lazy\" class=\"size-medium wp-image-32985 alignleft\" src=\"https:\/\/www.messinaoggi.it\/website\/wp-content\/uploads\/2019\/05\/7ABDB336-CF0F-438D-B536-9249E8C19F8A-300x225.jpeg\" alt=\"\" width=\"300\" height=\"225\" \/><\/p>\n<p style=\"text-align: justify;\">La &#8220;gang&#8221; ha avuto la sfortuna che stava transitando una pattuglia della Squadra Volante e tre componenti della banda di teppisti sono stati subito acciuffati. Si tratta di minori di 14, i quali non hanno saputo dare una spiegazione al gesto compiuto, neanche di fronte ai genitori accorsi sul posto perch\u00e9 avvisati dai poliziotti.<\/p>\n<p style=\"text-align: justify;\">Per qualcuno dei teppisti sono volate delle sberle da parte dei genitori imbufaliti. Sono in fase di identificazione agli altri tre componenti della gang, riusciti a fuggire.<\/p>\n<p style=\"text-align: justify;\">Allibito per quanto accaduto &#8211; segno evidente del malessere di una societ\u00e0 malata &#8211; il presidente dell&#8217;Atm, Pippo Campagna. &#8220;Non ci spieghiamo perch\u00e9 lo abbiano fatto, allo stesso tempo siamo preoccupati perch\u00e9 a compiere questo gesto sono stati minori di 14 anni&#8221;.<\/p>\n<p style=\"text-align: justify;\">Trattandosi di minori, non sono nemmeno perseguibili dalla legge sebbene sia stato informato dell&#8217;accaduto il Tribunale dei minori.<\/p>\n","protected":false},"excerpt":{"rendered":"<p>I testimoni parlano di una gang composta da sei giovanissimi che una volta saliti sul bus hanno sfondato un vetro del finestrino e si sono dati alla fuga. Atterriti i passeggeri e la conducente del mezzo, i quali hanno subito avvisato la Polizia. L&#8217;episodio di &#8220;vandalismo gratuito&#8221; &#8211; cos\u00ec l&#8217;ha definito il presidente dell&#8217;Atm Pippo [&hellip;]<\/p>\n","protected":false},"author":2,"featured_media":32986,"comment_status":"closed","ping_status":"open","sticky":false,"template":"","format":"standard","meta":{"ub_ctt_via":"","_mi_skip_tracking":false},"categories":[19,6],"tags":[],"featured_image_src":"https:\/\/www.messinaoggi.it\/website\/wp-content\/uploads\/2019\/05\/DB188481-FF2A-4A61-B92A-AF21BAFC4965.jpeg","author_info":{"display_name":"Redazione","author_link":"https:\/\/www.messinaoggi.it\/website\/author\/redazione\/"},"digistream_id":0,"digistream":false,"_links":{"self":[{"href":"https:\/\/www.messinaoggi.it\/website\/wp-json\/wp\/v2\/posts\/32995"}],"collection":[{"href":"https:\/\/www.messinaoggi.it\/website\/wp-json\/wp\/v2\/posts"}],"about":[{"href":"https:\/\/www.messinaoggi.it\/website\/wp-json\/wp\/v2\/types\/post"}],"author":[{"embeddable":true,"href":"https:\/\/www.messinaoggi.it\/website\/wp-json\/wp\/v2\/users\/2"}],"replies":[{"embeddable":true,"href":"https:\/\/www.messinaoggi.it\/website\/wp-json\/wp\/v2\/comments?post=32995"}],"version-history":[{"count":0,"href":"https:\/\/www.messinaoggi.it\/website\/wp-json\/wp\/v2\/posts\/32995\/revisions"}],"wp:featuredmedia":[{"embeddable":true,"href":"https:\/\/www.messinaoggi.it\/website\/wp-json\/wp\/v2\/media\/32986"}],"wp:attachment":[{"href":"https:\/\/www.messinaoggi.it\/website\/wp-json\/wp\/v2\/media?parent=32995"}],"wp:term":[{"taxonomy":"category","embeddable":true,"href":"https:\/\/www.messinaoggi.it\/website\/wp-json\/wp\/v2\/categories?post=32995"},{"taxonomy":"post_tag","embeddable":true,"href":"https:\/\/www.messinaoggi.it\/website\/wp-json\/wp\/v2\/tags?post=32995"}],"curies":[{"name":"wp","href":"https:\/\/api.w.org\/{rel}","templated":true}]}}