{"id":32968,"date":"2019-05-24T13:05:19","date_gmt":"2019-05-24T11:05:19","guid":{"rendered":"https:\/\/www.messinaoggi.it\/website\/?p=32968"},"modified":"2019-05-24T13:05:19","modified_gmt":"2019-05-24T11:05:19","slug":"taobuk-2019-domani-la-conferenza-stampa","status":"publish","type":"post","link":"https:\/\/www.messinaoggi.it\/website\/2019\/05\/24\/taobuk-2019-domani-la-conferenza-stampa\/","title":{"rendered":"Taobuk 2019. Domani la conferenza stampa"},"content":{"rendered":"<p>Il countdown \u00e8 iniziato. \u00a0Manca poco meno di un mese alla programmazione della nona\u00a0edizione di\u00a0<strong>Taobuk<\/strong>, che come di consueto, dal 21 al 25 giugno si svolger\u00e0 nei luoghi pi\u00f9 suggestivi di\u00a0 Taormina.<br \/>\nAll\u2019evento, che sar\u00e0 presentato al pubblico \u00a0domani, <strong>alle ore 11.30, negli uffici della Regione Siciliana di Catania,<\/strong> \u00a0prenderanno parte l&#8217;Assessore regionale del Turismo, Sport e Spettacolo\u00a0<strong>Sandro Pappalardo<\/strong>,\u00a0 il\u00a0 Dirigente generale del Dipartimento regionale dei Beni culturali e dell&#8217;Identit\u00e0 siciliana\u00a0<strong>Sergio Alessandro<\/strong>,\u00a0il Sindaco di Taormina\u00a0<strong>Mario Bolognari<\/strong>,\u00a0il Presidente degli Albergatori di Taormina\u00a0<strong>Italo Mennella<\/strong>,\u00a0il presidente del Comitato\u00a0scientifico di Taobuk\u00a0<strong>Nino Rizzo Nervo<\/strong>\u00a0e \u00a0il Sovrintendente del Teatro Massimo Bellini\u00a0<strong>Roberto Grossi<\/strong>. Ad illustrare il programma sar\u00e0\u00a0<strong>Antonella Ferrara<\/strong>, ideatrice e presidente di un\u00a0festival di prestigio internazionale,\u00a0che incrocia la letteratura con le altre Muse, la musica, il cinema, le arti figurative.<br \/>\nCome di consueto la serata di gala del festival letterario pi\u00f9 atteso dell\u2019anno si svolger\u00e0 nell\u2019incantevole scenario del Teatro Antico, dove nel corso della serata del\u00a0 \u00a022 giugno, alle ore 21.30, \u00a0avr\u00e0 luogo\u00a0la cerimonia di consegna degli esclusivi\u00a0Taobuk Award, che vedr\u00e0 tra i premiati anche lo scrittore Ian McEwan.<br \/>\nTema della kermesse letteraria sar\u00e0 \u00a0il &#8220;desiderio&#8221;, spinta propulsiva a realizzare ci\u00f2 che siamo e vogliamo e che in questa sede sar\u00e0 indagato in tutte \u00a0le sue molteplici sfaccettature, \u00a0come componente componente fondamentale della storia individuale e di quella universale, desiderare \u00e8 sentimento, emozione, capacit\u00e0 di sognare, da sempre sprone e motivazione del cammino umano. D\u2019altra parte, per\u00f2, sembra profilarsi all\u2019orizzonte una nuova forma di schiavit\u00f9: l\u2019uomo senza sogni n\u00e9 passioni, e perci\u00f2 senza desideri. Ma si pu\u00f2 davvero rinunciare al desiderio senza rinunciare ad essere uomini? Un\u2019edizione questa che non mancher\u00e0 di regalare ai presenti incredibili\u00a0 emozioni.<div id=\"div-gpt-ad-Messinaoggi.it-DSK-300x250-corpoart\" style=\"text-align:center;margin:0 auto;\"><\/div><\/p>\n<div id=\"videoincontent\" style=\"clear:both\";><\/div>","protected":false},"excerpt":{"rendered":"<p>Il countdown \u00e8 iniziato. \u00a0Manca poco meno di un mese alla programmazione della nona\u00a0edizione di\u00a0Taobuk, che come di consueto, dal 21 al 25 giugno si svolger\u00e0 nei luoghi pi\u00f9 suggestivi di\u00a0 Taormina. All\u2019evento, che sar\u00e0 presentato al pubblico \u00a0domani, alle ore 11.30, negli uffici della Regione Siciliana di Catania, \u00a0prenderanno parte l&#8217;Assessore regionale del Turismo, [&hellip;]<\/p>\n","protected":false},"author":5,"featured_media":32969,"comment_status":"closed","ping_status":"open","sticky":false,"template":"","format":"standard","meta":{"ub_ctt_via":"","_mi_skip_tracking":false},"categories":[16],"tags":[],"featured_image_src":"https:\/\/www.messinaoggi.it\/website\/wp-content\/uploads\/2019\/05\/TAOBUK-2019-Invito-conferenza-stampa.jpg","author_info":{"display_name":"Maria Antonella Saia","author_link":"https:\/\/www.messinaoggi.it\/website\/author\/m-saia\/"},"digistream_id":0,"digistream":false,"_links":{"self":[{"href":"https:\/\/www.messinaoggi.it\/website\/wp-json\/wp\/v2\/posts\/32968"}],"collection":[{"href":"https:\/\/www.messinaoggi.it\/website\/wp-json\/wp\/v2\/posts"}],"about":[{"href":"https:\/\/www.messinaoggi.it\/website\/wp-json\/wp\/v2\/types\/post"}],"author":[{"embeddable":true,"href":"https:\/\/www.messinaoggi.it\/website\/wp-json\/wp\/v2\/users\/5"}],"replies":[{"embeddable":true,"href":"https:\/\/www.messinaoggi.it\/website\/wp-json\/wp\/v2\/comments?post=32968"}],"version-history":[{"count":0,"href":"https:\/\/www.messinaoggi.it\/website\/wp-json\/wp\/v2\/posts\/32968\/revisions"}],"wp:featuredmedia":[{"embeddable":true,"href":"https:\/\/www.messinaoggi.it\/website\/wp-json\/wp\/v2\/media\/32969"}],"wp:attachment":[{"href":"https:\/\/www.messinaoggi.it\/website\/wp-json\/wp\/v2\/media?parent=32968"}],"wp:term":[{"taxonomy":"category","embeddable":true,"href":"https:\/\/www.messinaoggi.it\/website\/wp-json\/wp\/v2\/categories?post=32968"},{"taxonomy":"post_tag","embeddable":true,"href":"https:\/\/www.messinaoggi.it\/website\/wp-json\/wp\/v2\/tags?post=32968"}],"curies":[{"name":"wp","href":"https:\/\/api.w.org\/{rel}","templated":true}]}}