{"id":32953,"date":"2019-05-24T10:53:04","date_gmt":"2019-05-24T08:53:04","guid":{"rendered":"https:\/\/www.messinaoggi.it\/website\/?p=32953"},"modified":"2019-05-24T10:53:04","modified_gmt":"2019-05-24T08:53:04","slug":"vandalismo-a-villa-dante-danneggiata-larea-gestita-da-fare-per-cambiare","status":"publish","type":"post","link":"https:\/\/www.messinaoggi.it\/website\/2019\/05\/24\/vandalismo-a-villa-dante-danneggiata-larea-gestita-da-fare-per-cambiare\/","title":{"rendered":"Vandalismo a Villa Dante, danneggiata l&#039;area gestita da Fare per Cambiare"},"content":{"rendered":"<p>L\u2019ennesimo atto di vandalismo \u00e8 stato perpetrato all\u2019interno di Villa Dante, e in particolare in quella porzione di area verde gestita dall\u2019associazione Fare per Cambiare, vale a dire l\u2019area verde situata di fronte all&#8217;ingresso della Villa sul lato in cui c\u2019\u00e8 la fermata del tram, all\u2019interno della quale nella giornata di ieri pomeriggio qualcuno ha sradicato un alberello prima e poi defecato all&#8217;interno delle piscine appena inaugurate.<br \/>\n<a href=\"https:\/\/www.messinaoggi.it\/website\/wp-content\/uploads\/2019\/05\/albero-sradicato.jpg\"><img loading=\"lazy\" class=\" wp-image-32957 alignright\" src=\"https:\/\/www.messinaoggi.it\/website\/wp-content\/uploads\/2019\/05\/albero-sradicato.jpg\" alt=\"\" width=\"348\" height=\"261\" \/><\/a><br \/>\n\u201c<em>Abbiamo adottato quell&#8217;area verde nel 2018<\/em> &#8211; si legge in una nota dell&#8217;associazione &#8211; <em>all&#8217;interno del progetto di proposta di presa in gestione del Centro Sociale di Villa Dante con l&#8217;intenzione di dividere l&#8217;area in due parti e mettere in posa all&#8217;interno della prima parte alcune sedute e tavoli adornati da decorazioni floreali (cos\u00ec da incentivare i cittadini al godere dell&#8217;area aperta, anche nei momenti di lettura, relax e studio) e all&#8217;interno della seconda parte crearvi il primo orto urbano della citt\u00e0; i progetti vengono poi rimodulati su richiesta informale del Comune.<\/em><br \/>\n&#8220;<em>Nel corso della realizzazione delle opere di riqualificazione, grazie al prezioso contributo di Legambiente, fu piantato durante la Giornata dell&#8217;Albero 2018 il primo alberello all&#8217;interno dell&#8217;Area, simbolo di vita, inizio e speranza. Quello stesso albero \u00e8 stato brutalmente fatto a pezzi dai balordi che non hanno lasciato che pezzi di legno sparsi, proseguendo poi la loro opera di vandalismo defecando all&#8217;interno delle nuove piscine appena inaugurate. Mai ci saremmo aspettati che, dopo un anno, e proprio in concomitanza con l&#8217;avvio della programmazione delle pi\u00f9 ampie opere di riqualificazione, avvenisse un simile fatto, in pieno giorno.<\/em><br \/>\n&#8220;<em>Siamo ben coscienti del contesto in cui insiste la Villa e siamo ancor pi\u00f9 fermamente convinti che l&#8217;attivit\u00e0 di educazione tramite gli esempi palesi, l&#8217;attivit\u00e0 costante ed il coinvolgimento attivo risulti la pi\u00f9 efficace, ci\u00f2 che ci sconcerta \u00e8 che, fatti di questo tipo, non sono nuovi all&#8217;interno del polmone verde della citt\u00e0 e che, ancora una volta, si ha dimostrazione di come non vengano poste in essere misure adeguate atte ad evitare tali avvenimenti e sanzionare chi opera tali disastri.<\/em><br \/>\n&#8220;<em>Telecamere rubate e custodi lasciati in balia di se stessi senza possibilit\u00e0 alcuna di poter far valere le regole, forze dell&#8217;ordine assenti e nessun punto di riferimento, \u00e8 questa la ricetta perfetta per il degrado assoluto, degrado denunciato da noi pi\u00f9 e pi\u00f9 volte, invocando la richiesta e la possibilit\u00e0 di sorvegliare quel luogo tramite telecamere di videosorveglianza (che furono installate e poi rubate) e il potenziamento della presenza di Vigili all&#8217;interno della Villa che possano far valere le regole di civile convivenza; di tutto questo, proposto gi\u00e0 nelle more della presentazione della proposta progettuale per la gestione del Centro Sociale di Villa Dante all&#8217;interno del Bando del Maggio 2018 (Bando ancora bloccato e Centro senza gestione, per la cronaca) non si \u00e8 mai avuta traccia alcuna ed oggi, ancora una volta, ci ritroviamo a pagar gli scotti dell&#8217;immobilismo, condannando uno degli spazi potenzialmente pi\u00f9 belli della citt\u00e0 ed alimentando silentemente la pessima cultura della maleducazione e del vandalismo.<\/em><br \/>\n&#8220;<em>Non si pu\u00f2 e non si deve rimanere inermi davanti ad una delle manifestazioni del pi\u00f9 grande problema di Messina: la mancanza di una cultura della cosa pubblica e del rispetto civico. Una mancanza che va combattuta con azioni sotto diversi aspetti -da quello educativo a quello Sociale-, ma che richiede azioni da parte delle Istituzioni, azioni risolutive, altrimenti si rischia, ancora una volta, che il silenzio diventi complicit\u00e0, aumentando ancor di pi\u00f9 la problematica<\/em>&#8220;.<div id=\"div-gpt-ad-Messinaoggi.it-DSK-300x250-corpoart\" style=\"text-align:center;margin:0 auto;\"><\/div><\/p>\n<div id=\"videoincontent\" style=\"clear:both\";><\/div>","protected":false},"excerpt":{"rendered":"<p>L\u2019ennesimo atto di vandalismo \u00e8 stato perpetrato all\u2019interno di Villa Dante, e in particolare in quella porzione di area verde gestita dall\u2019associazione Fare per Cambiare, vale a dire l\u2019area verde situata di fronte all&#8217;ingresso della Villa sul lato in cui c\u2019\u00e8 la fermata del tram, all\u2019interno della quale nella giornata di ieri pomeriggio qualcuno ha [&hellip;]<\/p>\n","protected":false},"author":8,"featured_media":14186,"comment_status":"closed","ping_status":"open","sticky":false,"template":"","format":"standard","meta":{"ub_ctt_via":"","_mi_skip_tracking":false},"categories":[19],"tags":[],"featured_image_src":"https:\/\/www.messinaoggi.it\/website\/wp-content\/uploads\/2018\/01\/Villa-Dante-ingresso-lato-Provinciale-messinaoggiMarcyR-1.jpg","author_info":{"display_name":"red..me","author_link":"https:\/\/www.messinaoggi.it\/website\/author\/redstage\/"},"digistream_id":0,"digistream":false,"_links":{"self":[{"href":"https:\/\/www.messinaoggi.it\/website\/wp-json\/wp\/v2\/posts\/32953"}],"collection":[{"href":"https:\/\/www.messinaoggi.it\/website\/wp-json\/wp\/v2\/posts"}],"about":[{"href":"https:\/\/www.messinaoggi.it\/website\/wp-json\/wp\/v2\/types\/post"}],"author":[{"embeddable":true,"href":"https:\/\/www.messinaoggi.it\/website\/wp-json\/wp\/v2\/users\/8"}],"replies":[{"embeddable":true,"href":"https:\/\/www.messinaoggi.it\/website\/wp-json\/wp\/v2\/comments?post=32953"}],"version-history":[{"count":0,"href":"https:\/\/www.messinaoggi.it\/website\/wp-json\/wp\/v2\/posts\/32953\/revisions"}],"wp:featuredmedia":[{"embeddable":true,"href":"https:\/\/www.messinaoggi.it\/website\/wp-json\/wp\/v2\/media\/14186"}],"wp:attachment":[{"href":"https:\/\/www.messinaoggi.it\/website\/wp-json\/wp\/v2\/media?parent=32953"}],"wp:term":[{"taxonomy":"category","embeddable":true,"href":"https:\/\/www.messinaoggi.it\/website\/wp-json\/wp\/v2\/categories?post=32953"},{"taxonomy":"post_tag","embeddable":true,"href":"https:\/\/www.messinaoggi.it\/website\/wp-json\/wp\/v2\/tags?post=32953"}],"curies":[{"name":"wp","href":"https:\/\/api.w.org\/{rel}","templated":true}]}}