{"id":32946,"date":"2019-05-24T10:21:23","date_gmt":"2019-05-24T08:21:23","guid":{"rendered":"https:\/\/www.messinaoggi.it\/website\/?p=32946"},"modified":"2019-05-24T10:21:23","modified_gmt":"2019-05-24T08:21:23","slug":"cateno-resta-con-noi-deluchiani-in-piazza-per-protestare-contro-il-sindaco","status":"publish","type":"post","link":"https:\/\/www.messinaoggi.it\/website\/2019\/05\/24\/cateno-resta-con-noi-deluchiani-in-piazza-per-protestare-contro-il-sindaco\/","title":{"rendered":"&quot;Cateno resta con noi&quot;, deluchiani in piazza per &quot;protestare&quot; contro il sindaco"},"content":{"rendered":"<p>Un corteo di simpatizzanti e sostenitori del sindaco Cateno De Luca \u00e8 sceso ieri in piazza per dare luogo a una sorta di protesta contro il primo cittadino, vale a dire indire una fiaccolata che possa \u201criaccendere\u201d in De Luca la volont\u00e0 di portare concretamente a Messina il suo modello gestionale che, a detta dei suoi sostenitori, \u00e8 improntato soprattutto nell\u2019interesse della cosa pubblica. La manifestazione, dall\u2019eloquente titolo \u201cCateno resta con noi\u201d, \u00e8 stata organizzata dal Movimento Liberi Insieme (MLI) e si \u00e8 aperta alle 20 e 30 in Piazza Unione Europea, nella scalinata antistante l\u2019entrata principale di Palazzo Zanca, con un minuto di raccoglimento in ricordo della strage di Capaci del 23 maggio 1992, giorno in cui venne ucciso il magistrato antimafia Giovanni Falcone, la moglie e gli uomini di scorta. Successivamente si \u00e8 dato il via ufficiale alla manifestazione con l\u2019esposizione dello striscione \u201cCateno resta con noi\u201d.<br \/>\n<a href=\"https:\/\/www.messinaoggi.it\/website\/wp-content\/uploads\/2019\/05\/fiaccolata-cateno-resta-con-noi-1.jpg\"><img loading=\"lazy\" class=\"alignnone size-full wp-image-32947\" src=\"https:\/\/www.messinaoggi.it\/website\/wp-content\/uploads\/2019\/05\/fiaccolata-cateno-resta-con-noi-1.jpg\" alt=\"\" width=\"1024\" height=\"768\" \/><\/a><br \/>\n<em>\u201cUna cosa \u00e8 De Luca, un a cosa \u00e8 il modello De Luca, Messina non pu\u00f2 essere considerata alla stregua di un punto vendita di un franchising improvvisato&#8221;, <\/em>ha esordito il capogruppo di MLI Roberto Cerreti, spiegando quali sono state le reali motivazioni che hanno spinto i promotori dell\u2019iniziativa nell\u2019avventurarsi in questa particolare manifestazione ironico-politica. &#8220;<em>Quando oltre un anno fa il Movimento Liberi Insieme e i quasi duecento candidati delle sei liste che hanno sostenuto Cateno De Luca si sono convinti e stretti intorno all\u2019ambizioso e difficile progetto della sindacatura,<\/em> &#8211; prosegue Cerreti &#8211; <em>c\u2019erano dei punti saldi sia nel programma elettorale che nei propositi che erano indiscutibili e imprescindibili, tra cui il fatto che qualsiasi ulteriore ambizione politica fosse subordinata al tentativo di riuscire a governare Messina per 10 anni, considerata anche la complessit\u00e0 delle proposte che la coalizione politica aveva intenzione di portare avanti.<\/em><br \/>\n&#8220;<em>Assistere in questi mesi all\u2019escalation personale di un Sindaco che pubblicamente e continuamente richiama le proprie velleit\u00e0 regionali tentando di procacciare e far passare il messaggio che &#8216;se si abbandona il posto di sindaco vince Messina&#8217;, fa male e lascia l\u2019amaro in bocca a chi realmente ed in buona fede aveva creduto, che dopo oltre vent\u2019anni di sfruttamento della poltrona di sindaco come trampolino di lancio per ambizioni politiche e personali, fosse finalmente giunto un uomo, un politico, un sindaco che voleva semplicemente rappresentare i messinesi e fare il sindaco di Messina.<\/em><br \/>\n<a href=\"https:\/\/www.messinaoggi.it\/website\/wp-content\/uploads\/2019\/05\/fiaccolata-cateno-resta-con-noi-2.jpg\"><img loading=\"lazy\" class=\"alignnone size-full wp-image-32948\" src=\"https:\/\/www.messinaoggi.it\/website\/wp-content\/uploads\/2019\/05\/fiaccolata-cateno-resta-con-noi-2.jpg\" alt=\"\" width=\"1600\" height=\"1200\" \/><\/a><br \/>\n&#8220;<em>La nostra citt\u00e0 \u00e8 stanca di uomini di passaggio ed \u00e8 per questo che stasera, nella speranza che lo psicodelico genio del nostro Cateno possa riaccendersi in chiave peloritana, accenderemo in conclusione dell\u2019iniziativa le nostre fiaccole, delle piccole luci di speranza che rappresentino quel flebile segnale di una popolazione che non si vuole arrendere ad una classe politica disposta a tutto pur di avere tutto, ma sempre a discapito della nostra Citt\u00e0. <\/em><em>Un segnale significativo in una citt\u00e0 governata purtroppo negli anni da &#8216;nani&#8217; della politica, per ricordare che quest\u2019Amministrazione avrebbe dovuto cambiare rotta e smetterla con le antiche e obsolete logiche degli accordi, sotterfugi e inciuci utili esclusivamente per quella vecchia classe politica, ormai all\u2019angolo, artefice dei disastri messinesi, ma che purtroppo, si sta rigenerando sulla scorta delle neo necessit\u00e0 e velleit\u00e0 elettorali del Sindaco, a danno della speranzosa collettivit\u00e0 e di chi ha creduto in Cateno.<\/em><br \/>\n&#8220;<em>Noi vogliamo semplicemente un Sindaco che voglia fare solo il Sindaco e per questo non smetteremo mai di lottare contro i &#8216;nani&#8217; della politica, alla ricerca finalmente di un &#8216;gigante&#8217; che possa far uscire Messina dal baratro in cui ancora si trova e nella speranza che questo possa essere Cateno De Luca<\/em>\u201d.<div id=\"div-gpt-ad-Messinaoggi.it-DSK-300x250-corpoart\" style=\"text-align:center;margin:0 auto;\"><\/div><\/p>\n<div id=\"videoincontent\" style=\"clear:both\";><\/div>","protected":false},"excerpt":{"rendered":"<p>Un corteo di simpatizzanti e sostenitori del sindaco Cateno De Luca \u00e8 sceso ieri in piazza per dare luogo a una sorta di protesta contro il primo cittadino, vale a dire indire una fiaccolata che possa \u201criaccendere\u201d in De Luca la volont\u00e0 di portare concretamente a Messina il suo modello gestionale che, a detta dei [&hellip;]<\/p>\n","protected":false},"author":8,"featured_media":32949,"comment_status":"closed","ping_status":"open","sticky":false,"template":"","format":"standard","meta":{"ub_ctt_via":"","_mi_skip_tracking":false},"categories":[4],"tags":[],"featured_image_src":"https:\/\/www.messinaoggi.it\/website\/wp-content\/uploads\/2019\/05\/fiaccolata-cateno-resta-con-noi-3.jpg","author_info":{"display_name":"red..me","author_link":"https:\/\/www.messinaoggi.it\/website\/author\/redstage\/"},"digistream_id":0,"digistream":false,"_links":{"self":[{"href":"https:\/\/www.messinaoggi.it\/website\/wp-json\/wp\/v2\/posts\/32946"}],"collection":[{"href":"https:\/\/www.messinaoggi.it\/website\/wp-json\/wp\/v2\/posts"}],"about":[{"href":"https:\/\/www.messinaoggi.it\/website\/wp-json\/wp\/v2\/types\/post"}],"author":[{"embeddable":true,"href":"https:\/\/www.messinaoggi.it\/website\/wp-json\/wp\/v2\/users\/8"}],"replies":[{"embeddable":true,"href":"https:\/\/www.messinaoggi.it\/website\/wp-json\/wp\/v2\/comments?post=32946"}],"version-history":[{"count":0,"href":"https:\/\/www.messinaoggi.it\/website\/wp-json\/wp\/v2\/posts\/32946\/revisions"}],"wp:featuredmedia":[{"embeddable":true,"href":"https:\/\/www.messinaoggi.it\/website\/wp-json\/wp\/v2\/media\/32949"}],"wp:attachment":[{"href":"https:\/\/www.messinaoggi.it\/website\/wp-json\/wp\/v2\/media?parent=32946"}],"wp:term":[{"taxonomy":"category","embeddable":true,"href":"https:\/\/www.messinaoggi.it\/website\/wp-json\/wp\/v2\/categories?post=32946"},{"taxonomy":"post_tag","embeddable":true,"href":"https:\/\/www.messinaoggi.it\/website\/wp-json\/wp\/v2\/tags?post=32946"}],"curies":[{"name":"wp","href":"https:\/\/api.w.org\/{rel}","templated":true}]}}